{"id":10043,"date":"2026-05-01T22:13:54","date_gmt":"2026-05-01T20:13:54","guid":{"rendered":"https:\/\/lyceejeanracine.fr\/wdps\/?p=10043"},"modified":"2026-05-01T22:13:55","modified_gmt":"2026-05-01T20:13:55","slug":"tournoi-dechecs-pendant-la-journee-des-talents","status":"publish","type":"post","link":"https:\/\/lyceejeanracine.fr\/wdps\/index.php\/2026\/05\/01\/tournoi-dechecs-pendant-la-journee-des-talents\/","title":{"rendered":"TOURNOI D&rsquo;ECHECS PENDANT LA JOURNEE DES TALENTS"},"content":{"rendered":"<div class=\"wp-block-image\">\n<figure class=\"alignleft size-medium\"><img loading=\"lazy\" decoding=\"async\" width=\"300\" height=\"233\" src=\"https:\/\/lyceejeanracine.fr\/wdps\/wp-content\/uploads\/2026\/05\/image_2026-05-01_221302953-300x233.png\" alt=\"\" class=\"wp-image-10044\" srcset=\"https:\/\/lyceejeanracine.fr\/wdps\/wp-content\/uploads\/2026\/05\/image_2026-05-01_221302953-300x233.png 300w, https:\/\/lyceejeanracine.fr\/wdps\/wp-content\/uploads\/2026\/05\/image_2026-05-01_221302953.png 740w\" sizes=\"(max-width: 300px) 100vw, 300px\" \/><\/figure><\/div>\n\n\n<p><p data-pm-slice=\"1 1 []\">Bonjour \u00e0 tous et \u00e0 toutes,<\/p><p>Pour la journ\u00e9e des talents ce 7 mai, le club d\u2019\u00e9checs organise un tournoi. Toutes les personnes int\u00e9ress\u00e9s sont convi\u00e9es \u00e0 participer (\u00e9l\u00e8ves, enseignants, surveillants\u2026) peu importe votre niveau. Il se d\u00e9roulera de 13h30 \u00e0 16h et vous pourrez \u00eatre excus\u00e9 si vous avez des cours sur cette plage horaire (sauf si \u00e9valuation du bac et seulement si vous \u00eates bien inscrits).<\/p><span style=\"font-size: revert;\">Pour vous inscrire, \u00e9crivez simplement \u00e0 <\/span>SZCZEPANIAK Ivan en passant par la messagerie de l&rsquo;ENT<\/p>\n","protected":false},"excerpt":{"rendered":"<\/p>\n<p data-pm-slice=\"1 1 []\">Bonjour \u00e0 tous et \u00e0 toutes,<\/p>\n<p>Pour la journ\u00e9e des talents ce 7 mai, le club d\u2019\u00e9checs organise un tournoi. Toutes les personnes int\u00e9ress\u00e9s sont convi\u00e9es \u00e0 participer (\u00e9l\u00e8ves, enseignants, surveillants\u2026) peu importe votre niveau. Il se d\u00e9roulera de 13h30 \u00e0 16h et vous pourrez \u00eatre excus\u00e9 si vous avez des cours sur &hellip; <\/p>\n<p><a class=\"more-link btn\" href=\"https:\/\/lyceejeanracine.fr\/wdps\/index.php\/2026\/05\/01\/tournoi-dechecs-pendant-la-journee-des-talents\/\">Lire la suite<\/a><\/p>\n","protected":false},"author":1,"featured_media":10044,"comment_status":"open","ping_status":"open","sticky":false,"template":"","format":"standard","meta":{"ngg_post_thumbnail":0,"footnotes":""},"categories":[52,7,4],"tags":[],"post_mailing_queue_ids":[],"_links":{"self":[{"href":"https:\/\/lyceejeanracine.fr\/wdps\/index.php\/wp-json\/wp\/v2\/posts\/10043"}],"collection":[{"href":"https:\/\/lyceejeanracine.fr\/wdps\/index.php\/wp-json\/wp\/v2\/posts"}],"about":[{"href":"https:\/\/lyceejeanracine.fr\/wdps\/index.php\/wp-json\/wp\/v2\/types\/post"}],"author":[{"embeddable":true,"href":"https:\/\/lyceejeanracine.fr\/wdps\/index.php\/wp-json\/wp\/v2\/users\/1"}],"replies":[{"embeddable":true,"href":"https:\/\/lyceejeanracine.fr\/wdps\/index.php\/wp-json\/wp\/v2\/comments?post=10043"}],"version-history":[{"count":1,"href":"https:\/\/lyceejeanracine.fr\/wdps\/index.php\/wp-json\/wp\/v2\/posts\/10043\/revisions"}],"predecessor-version":[{"id":10045,"href":"https:\/\/lyceejeanracine.fr\/wdps\/index.php\/wp-json\/wp\/v2\/posts\/10043\/revisions\/10045"}],"wp:featuredmedia":[{"embeddable":true,"href":"https:\/\/lyceejeanracine.fr\/wdps\/index.php\/wp-json\/wp\/v2\/media\/10044"}],"wp:attachment":[{"href":"https:\/\/lyceejeanracine.fr\/wdps\/index.php\/wp-json\/wp\/v2\/media?parent=10043"}],"wp:term":[{"taxonomy":"category","embeddable":true,"href":"https:\/\/lyceejeanracine.fr\/wdps\/index.php\/wp-json\/wp\/v2\/categories?post=10043"},{"taxonomy":"post_tag","embeddable":true,"href":"https:\/\/lyceejeanracine.fr\/wdps\/index.php\/wp-json\/wp\/v2\/tags?post=10043"}],"curies":[{"name":"wp","href":"https:\/\/api.w.org\/{rel}","templated":true}]}}