{"id":10220,"date":"2026-09-01T07:41:06","date_gmt":"2026-09-01T05:41:06","guid":{"rendered":"https:\/\/lyceejeanracine.fr\/wdps\/?p=10220"},"modified":"2026-09-01T07:41:07","modified_gmt":"2026-09-01T05:41:07","slug":"rentree-ce-qui-change-dans-le-reglement-interieur-du-lycee-jean-racine","status":"publish","type":"post","link":"https:\/\/lyceejeanracine.fr\/wdps\/index.php\/2026\/09\/01\/rentree-ce-qui-change-dans-le-reglement-interieur-du-lycee-jean-racine\/","title":{"rendered":"Rentr\u00e9e : Ce qui change dans le r\u00e8glement int\u00e9rieur du Lyc\u00e9e Jean Racine"},"content":{"rendered":"<div class=\"wp-block-image\">\n<figure class=\"alignleft size-medium\"><img loading=\"lazy\" decoding=\"async\" width=\"168\" height=\"300\" src=\"https:\/\/lyceejeanracine.fr\/wdps\/wp-content\/uploads\/2026\/09\/image_2026-09-01_073406284-168x300.png\" alt=\"\" class=\"wp-image-10221\" srcset=\"https:\/\/lyceejeanracine.fr\/wdps\/wp-content\/uploads\/2026\/09\/image_2026-09-01_073406284-168x300.png 168w, https:\/\/lyceejeanracine.fr\/wdps\/wp-content\/uploads\/2026\/09\/image_2026-09-01_073406284.png 572w\" sizes=\"auto, (max-width: 168px) 100vw, 168px\" \/><\/figure>\n<\/div>\n\n\n<p class=\"wp-block-paragraph\">Chers \u00e9l\u00e8ves, chers parents,<\/p>\n\n\n\n<p class=\"wp-block-paragraph\">Pour cette nouvelle ann\u00e9e scolaire, quelques ajustements ont \u00e9t\u00e9 apport\u00e9s au r\u00e8glement int\u00e9rieur du lyc\u00e9e Jean Racine afin de garantir un cadre d&rsquo;apprentissage serein et respectueux pour tous.<\/p>\n\n\n\n<p class=\"wp-block-paragraph\">Voici les principales nouveaut\u00e9s \u00e0 retenir et \u00e0 appliquer d\u00e8s la rentr\u00e9e :<\/p>\n\n\n\n<h3 class=\"wp-block-heading\">\ud83d\udcf5 1. Usage des t\u00e9l\u00e9phones portables<\/h3>\n\n\n\n<p class=\"wp-block-paragraph\">Les t\u00e9l\u00e9phones portables sont d\u00e9sormais <strong>strictement interdits<\/strong> dans les salles de classe ainsi qu&rsquo;au CDI.<\/p>\n\n\n\n<ul class=\"wp-block-list\">\n<li><strong>L&rsquo;exception :<\/strong> Ils pourront \u00eatre ponctuellement autoris\u00e9s par les enseignants uniquement s&rsquo;ils servent de support p\u00e9dagogique.<\/li>\n\n\n\n<li>En dehors de ce cadre strict, vos appareils devront \u00eatre <strong>\u00e9teints et rang\u00e9s dans vos sacs<\/strong> ou plac\u00e9s dans les boites de stockage des classes.<\/li>\n<\/ul>\n\n\n\n<h3 class=\"wp-block-heading\">\ud83d\udd0b 2. Recharge des smartphones<\/h3>\n\n\n\n<p class=\"wp-block-paragraph\">Veuillez prendre vos pr\u00e9cautions avant de venir au lyc\u00e9e : il est d\u00e9sormais <strong>interdit de mettre en charge son smartphone<\/strong> dans l&rsquo;enceinte de l&rsquo;\u00e9tablissement.<\/p>\n\n\n\n<h3 class=\"wp-block-heading\">\ud83e\ude74 3. Tenue vestimentaire et chaussures<\/h3>\n\n\n\n<p class=\"wp-block-paragraph\">Pour des raisons de s\u00e9curit\u00e9 et de tenue, les chaussures de type mules, claquettes, tongs ou sandales (c&rsquo;est-\u00e0-dire toutes les <strong>chaussures sans maintien arri\u00e8re<\/strong>) sont <strong>interdites<\/strong> dans l&rsquo;enceinte de l&rsquo;\u00e9tablissement. \u26a0\ufe0f <em>Attention : Les \u00e9l\u00e8ves se pr\u00e9sentant avec ce type de chaussures se verront syst\u00e9matiquement refuser l&rsquo;entr\u00e9e au lyc\u00e9e.<\/em><\/p>\n\n\n\n<p class=\"wp-block-paragraph\">Nous vous remercions pour votre compr\u00e9hension et votre coop\u00e9ration. Bonne ann\u00e9e scolaire \u00e0 tous !<\/p>\n","protected":false},"excerpt":{"rendered":"<p class=\"wp-block-paragraph\">Chers \u00e9l\u00e8ves, chers parents,<\/p>\n<p class=\"wp-block-paragraph\">Pour cette nouvelle ann\u00e9e scolaire, quelques ajustements ont \u00e9t\u00e9 apport\u00e9s au r\u00e8glement int\u00e9rieur du lyc\u00e9e Jean Racine afin de garantir un cadre d&rsquo;apprentissage serein et respectueux pour tous.<\/p>\n<p class=\"wp-block-paragraph\">Voici les principales nouveaut\u00e9s \u00e0 retenir et \u00e0 appliquer d\u00e8s la rentr\u00e9e :<\/p>\n<h3 class=\"wp-block-heading\">\ud83d\udcf5 1. Usage des t\u00e9l\u00e9phones portables<\/h3>\n<p> &hellip; <\/p>\n<p><a class=\"more-link btn\" href=\"https:\/\/lyceejeanracine.fr\/wdps\/index.php\/2026\/09\/01\/rentree-ce-qui-change-dans-le-reglement-interieur-du-lycee-jean-racine\/\">Lire la suite<\/a><\/p>\n","protected":false},"author":1,"featured_media":10221,"comment_status":"open","ping_status":"open","sticky":false,"template":"","format":"standard","meta":{"ngg_post_thumbnail":0,"footnotes":""},"categories":[58,50,7],"tags":[],"class_list":["post-10220","post","type-post","status-publish","format-standard","has-post-thumbnail","hentry","category-communication-direction","category-protocole-sanitaire","category-infos","item-wrap"],"post_mailing_queue_ids":[],"_links":{"self":[{"href":"https:\/\/lyceejeanracine.fr\/wdps\/index.php\/wp-json\/wp\/v2\/posts\/10220","targetHints":{"allow":["GET"]}}],"collection":[{"href":"https:\/\/lyceejeanracine.fr\/wdps\/index.php\/wp-json\/wp\/v2\/posts"}],"about":[{"href":"https:\/\/lyceejeanracine.fr\/wdps\/index.php\/wp-json\/wp\/v2\/types\/post"}],"author":[{"embeddable":true,"href":"https:\/\/lyceejeanracine.fr\/wdps\/index.php\/wp-json\/wp\/v2\/users\/1"}],"replies":[{"embeddable":true,"href":"https:\/\/lyceejeanracine.fr\/wdps\/index.php\/wp-json\/wp\/v2\/comments?post=10220"}],"version-history":[{"count":1,"href":"https:\/\/lyceejeanracine.fr\/wdps\/index.php\/wp-json\/wp\/v2\/posts\/10220\/revisions"}],"predecessor-version":[{"id":10222,"href":"https:\/\/lyceejeanracine.fr\/wdps\/index.php\/wp-json\/wp\/v2\/posts\/10220\/revisions\/10222"}],"wp:featuredmedia":[{"embeddable":true,"href":"https:\/\/lyceejeanracine.fr\/wdps\/index.php\/wp-json\/wp\/v2\/media\/10221"}],"wp:attachment":[{"href":"https:\/\/lyceejeanracine.fr\/wdps\/index.php\/wp-json\/wp\/v2\/media?parent=10220"}],"wp:term":[{"taxonomy":"category","embeddable":true,"href":"https:\/\/lyceejeanracine.fr\/wdps\/index.php\/wp-json\/wp\/v2\/categories?post=10220"},{"taxonomy":"post_tag","embeddable":true,"href":"https:\/\/lyceejeanracine.fr\/wdps\/index.php\/wp-json\/wp\/v2\/tags?post=10220"}],"curies":[{"name":"wp","href":"https:\/\/api.w.org\/{rel}","templated":true}]}}