{"id":10244,"date":"2026-09-03T22:36:31","date_gmt":"2026-09-03T20:36:31","guid":{"rendered":"https:\/\/lyceejeanracine.fr\/wdps\/?p=10244"},"modified":"2026-09-03T22:36:31","modified_gmt":"2026-09-03T20:36:31","slug":"reunion-dinformations-pour-les-parents","status":"publish","type":"post","link":"https:\/\/lyceejeanracine.fr\/wdps\/index.php\/2026\/09\/03\/reunion-dinformations-pour-les-parents\/","title":{"rendered":"R\u00e9union d&rsquo;informations pour les parents !"},"content":{"rendered":"\n<p class=\"wp-block-paragraph\">Le lyc\u00e9e Jean Racine invite les parents d&rsquo;\u00e9l\u00e8ves de Seconde G\u00e9n\u00e9rale et Technologique (2GT), de Seconde Professionnelle (2PRO) et de Premi\u00e8re ann\u00e9e de CAP (1CAP) \u00e0 une r\u00e9union d&rsquo;information qui se tiendra <strong>le lundi 21 septembre \u00e0 18h<\/strong>.<\/p>\n\n\n\n<p class=\"wp-block-paragraph\">Cette rencontre sera l&rsquo;occasion de pr\u00e9senter les objectifs de l&rsquo;ann\u00e9e scolaire, les attentes de l&rsquo;\u00e9quipe p\u00e9dagogique ainsi que les modalit\u00e9s d&rsquo;accompagnement propos\u00e9es aux \u00e9l\u00e8ves tout au long de leur parcours au lyc\u00e9e.<\/p>\n\n\n\n<p class=\"wp-block-paragraph\"><strong>Informations pratiques :<\/strong><\/p>\n\n\n<div class=\"wp-block-image\">\n<figure class=\"alignleft size-medium\"><img loading=\"lazy\" decoding=\"async\" width=\"300\" height=\"254\" src=\"https:\/\/lyceejeanracine.fr\/wdps\/wp-content\/uploads\/2026\/09\/image_2026-09-03_223459492-300x254.png\" alt=\"\" class=\"wp-image-10245\" srcset=\"https:\/\/lyceejeanracine.fr\/wdps\/wp-content\/uploads\/2026\/09\/image_2026-09-03_223459492-300x254.png 300w, https:\/\/lyceejeanracine.fr\/wdps\/wp-content\/uploads\/2026\/09\/image_2026-09-03_223459492-768x651.png 768w, https:\/\/lyceejeanracine.fr\/wdps\/wp-content\/uploads\/2026\/09\/image_2026-09-03_223459492-750x636.png 750w, https:\/\/lyceejeanracine.fr\/wdps\/wp-content\/uploads\/2026\/09\/image_2026-09-03_223459492.png 824w\" sizes=\"auto, (max-width: 300px) 100vw, 300px\" \/><\/figure>\n<\/div>\n\n\n<ul class=\"wp-block-list\">\n<li>\ud83d\uddd3\ufe0f <strong>Date :<\/strong> Lundi 21 septembre<\/li>\n\n\n\n<li>\ud83d\udd55 <strong>Horaire :<\/strong> 18h00<\/li>\n\n\n\n<li>\ud83d\udccd <strong>Site J. Baker (SEP)<\/strong> : \u00e9l\u00e8ves de la voie professionnelle<\/li>\n\n\n\n<li>\ud83d\udccd <strong>Site S. Veil (LGT)<\/strong> : \u00e9l\u00e8ves de la voie g\u00e9n\u00e9rale et technologique<\/li>\n<\/ul>\n\n\n\n<p class=\"wp-block-paragraph\">La pr\u00e9sence des familles est un \u00e9l\u00e9ment essentiel pour renforcer le dialogue entre le lyc\u00e9e et les parents et favoriser la r\u00e9ussite des \u00e9l\u00e8ves.<\/p>\n\n\n\n<p class=\"wp-block-paragraph\">Nous vous remercions par avance de votre participation et esp\u00e9rons vous accueillir nombreux \u00e0 cette r\u00e9union d&rsquo;information.<\/p>\n\n\n\n<p class=\"wp-block-paragraph\"><strong>L&rsquo;\u00e9quipe de direction du lyc\u00e9e Jean Racine<\/strong>.<\/p>\n\n\n\n<p class=\"wp-block-paragraph\"><\/p>\n","protected":false},"excerpt":{"rendered":"<p class=\"wp-block-paragraph\">Le lyc\u00e9e Jean Racine invite les parents d&rsquo;\u00e9l\u00e8ves de Seconde G\u00e9n\u00e9rale et Technologique (2GT), de Seconde Professionnelle (2PRO) et de Premi\u00e8re ann\u00e9e de CAP (1CAP) \u00e0 une r\u00e9union d&rsquo;information qui se tiendra <strong>le lundi 21 septembre \u00e0 18h<\/strong>.<\/p>\n<p class=\"wp-block-paragraph\">Cette rencontre sera l&rsquo;occasion de pr\u00e9senter les objectifs de l&rsquo;ann\u00e9e scolaire, les attentes de l&rsquo;\u00e9quipe &hellip; <\/p>\n<p><a class=\"more-link btn\" href=\"https:\/\/lyceejeanracine.fr\/wdps\/index.php\/2026\/09\/03\/reunion-dinformations-pour-les-parents\/\">Lire la suite<\/a><\/p>\n","protected":false},"author":1,"featured_media":10245,"comment_status":"open","ping_status":"open","sticky":false,"template":"","format":"standard","meta":{"ngg_post_thumbnail":0,"footnotes":""},"categories":[58,7],"tags":[],"class_list":["post-10244","post","type-post","status-publish","format-standard","has-post-thumbnail","hentry","category-communication-direction","category-infos","item-wrap"],"post_mailing_queue_ids":[],"_links":{"self":[{"href":"https:\/\/lyceejeanracine.fr\/wdps\/index.php\/wp-json\/wp\/v2\/posts\/10244","targetHints":{"allow":["GET"]}}],"collection":[{"href":"https:\/\/lyceejeanracine.fr\/wdps\/index.php\/wp-json\/wp\/v2\/posts"}],"about":[{"href":"https:\/\/lyceejeanracine.fr\/wdps\/index.php\/wp-json\/wp\/v2\/types\/post"}],"author":[{"embeddable":true,"href":"https:\/\/lyceejeanracine.fr\/wdps\/index.php\/wp-json\/wp\/v2\/users\/1"}],"replies":[{"embeddable":true,"href":"https:\/\/lyceejeanracine.fr\/wdps\/index.php\/wp-json\/wp\/v2\/comments?post=10244"}],"version-history":[{"count":1,"href":"https:\/\/lyceejeanracine.fr\/wdps\/index.php\/wp-json\/wp\/v2\/posts\/10244\/revisions"}],"predecessor-version":[{"id":10246,"href":"https:\/\/lyceejeanracine.fr\/wdps\/index.php\/wp-json\/wp\/v2\/posts\/10244\/revisions\/10246"}],"wp:featuredmedia":[{"embeddable":true,"href":"https:\/\/lyceejeanracine.fr\/wdps\/index.php\/wp-json\/wp\/v2\/media\/10245"}],"wp:attachment":[{"href":"https:\/\/lyceejeanracine.fr\/wdps\/index.php\/wp-json\/wp\/v2\/media?parent=10244"}],"wp:term":[{"taxonomy":"category","embeddable":true,"href":"https:\/\/lyceejeanracine.fr\/wdps\/index.php\/wp-json\/wp\/v2\/categories?post=10244"},{"taxonomy":"post_tag","embeddable":true,"href":"https:\/\/lyceejeanracine.fr\/wdps\/index.php\/wp-json\/wp\/v2\/tags?post=10244"}],"curies":[{"name":"wp","href":"https:\/\/api.w.org\/{rel}","templated":true}]}}