{"id":10247,"date":"2026-09-03T22:42:17","date_gmt":"2026-09-03T20:42:17","guid":{"rendered":"https:\/\/lyceejeanracine.fr\/wdps\/?p=10247"},"modified":"2026-09-03T22:42:18","modified_gmt":"2026-09-03T20:42:18","slug":"cest-dans-la-boite-photos-de-classe-et-individuelles","status":"publish","type":"post","link":"https:\/\/lyceejeanracine.fr\/wdps\/index.php\/2026\/09\/03\/cest-dans-la-boite-photos-de-classe-et-individuelles\/","title":{"rendered":"C&rsquo;est dans la boite : Photos de classe et individuelles"},"content":{"rendered":"<div class=\"wp-block-image\">\n<figure class=\"alignleft size-medium\"><img loading=\"lazy\" decoding=\"async\" width=\"300\" height=\"164\" src=\"https:\/\/lyceejeanracine.fr\/wdps\/wp-content\/uploads\/2026\/09\/image-1-300x164.png\" alt=\"\" class=\"wp-image-10248\" srcset=\"https:\/\/lyceejeanracine.fr\/wdps\/wp-content\/uploads\/2026\/09\/image-1-300x164.png 300w, https:\/\/lyceejeanracine.fr\/wdps\/wp-content\/uploads\/2026\/09\/image-1-768x419.png 768w, https:\/\/lyceejeanracine.fr\/wdps\/wp-content\/uploads\/2026\/09\/image-1-750x409.png 750w, https:\/\/lyceejeanracine.fr\/wdps\/wp-content\/uploads\/2026\/09\/image-1.png 1024w\" sizes=\"auto, (max-width: 300px) 100vw, 300px\" \/><\/figure>\n<\/div>\n\n\n<p class=\"wp-block-paragraph\">La traditionnelle s\u00e9ance photo de rentr\u00e9e approche ! Les prises de vue pour les photos de classe et les portraits individuels se d\u00e9rouleront sur deux jours :<\/p>\n\n\n\n<ul class=\"wp-block-list\">\n<li><strong>Lundi 7 septembre<\/strong><\/li>\n\n\n\n<li><strong>Mardi 8 septembre<\/strong><\/li>\n<\/ul>\n\n\n\n<p class=\"wp-block-paragraph\"><\/p>\n","protected":false},"excerpt":{"rendered":"<p class=\"wp-block-paragraph\">La traditionnelle s\u00e9ance photo de rentr\u00e9e approche ! Les prises de vue pour les photos de classe et les portraits individuels se d\u00e9rouleront sur deux jours :<\/p>\n<ul class=\"wp-block-list\">\n<li><strong>Lundi 7 septembre<\/strong><\/li>\n<li><strong>Mardi 8 septembre<\/strong><\/li>\n<\/ul>\n<p class=\"wp-block-paragraph\">\n","protected":false},"author":1,"featured_media":10248,"comment_status":"open","ping_status":"open","sticky":false,"template":"","format":"standard","meta":{"ngg_post_thumbnail":0,"footnotes":""},"categories":[58,7,4],"tags":[],"class_list":["post-10247","post","type-post","status-publish","format-standard","has-post-thumbnail","hentry","category-communication-direction","category-infos","category-vie_au_lycee","item-wrap"],"post_mailing_queue_ids":[],"_links":{"self":[{"href":"https:\/\/lyceejeanracine.fr\/wdps\/index.php\/wp-json\/wp\/v2\/posts\/10247","targetHints":{"allow":["GET"]}}],"collection":[{"href":"https:\/\/lyceejeanracine.fr\/wdps\/index.php\/wp-json\/wp\/v2\/posts"}],"about":[{"href":"https:\/\/lyceejeanracine.fr\/wdps\/index.php\/wp-json\/wp\/v2\/types\/post"}],"author":[{"embeddable":true,"href":"https:\/\/lyceejeanracine.fr\/wdps\/index.php\/wp-json\/wp\/v2\/users\/1"}],"replies":[{"embeddable":true,"href":"https:\/\/lyceejeanracine.fr\/wdps\/index.php\/wp-json\/wp\/v2\/comments?post=10247"}],"version-history":[{"count":1,"href":"https:\/\/lyceejeanracine.fr\/wdps\/index.php\/wp-json\/wp\/v2\/posts\/10247\/revisions"}],"predecessor-version":[{"id":10249,"href":"https:\/\/lyceejeanracine.fr\/wdps\/index.php\/wp-json\/wp\/v2\/posts\/10247\/revisions\/10249"}],"wp:featuredmedia":[{"embeddable":true,"href":"https:\/\/lyceejeanracine.fr\/wdps\/index.php\/wp-json\/wp\/v2\/media\/10248"}],"wp:attachment":[{"href":"https:\/\/lyceejeanracine.fr\/wdps\/index.php\/wp-json\/wp\/v2\/media?parent=10247"}],"wp:term":[{"taxonomy":"category","embeddable":true,"href":"https:\/\/lyceejeanracine.fr\/wdps\/index.php\/wp-json\/wp\/v2\/categories?post=10247"},{"taxonomy":"post_tag","embeddable":true,"href":"https:\/\/lyceejeanracine.fr\/wdps\/index.php\/wp-json\/wp\/v2\/tags?post=10247"}],"curies":[{"name":"wp","href":"https:\/\/api.w.org\/{rel}","templated":true}]}}