{"id":10251,"date":"2026-09-05T21:19:18","date_gmt":"2026-09-05T19:19:18","guid":{"rendered":"https:\/\/lyceejeanracine.fr\/wdps\/?p=10251"},"modified":"2026-09-05T21:19:19","modified_gmt":"2026-09-05T19:19:19","slug":"ceremonie-de-remise-de-diplome","status":"publish","type":"post","link":"https:\/\/lyceejeanracine.fr\/wdps\/index.php\/2026\/09\/05\/ceremonie-de-remise-de-diplome\/","title":{"rendered":"C\u00e9r\u00e9monie de remise de dipl\u00f4me"},"content":{"rendered":"\n<figure class=\"wp-block-image size-large\"><img loading=\"lazy\" decoding=\"async\" width=\"683\" height=\"1024\" src=\"https:\/\/lyceejeanracine.fr\/wdps\/wp-content\/uploads\/2026\/09\/ceremonie-683x1024.jpg\" alt=\"\" class=\"wp-image-10253\" srcset=\"https:\/\/lyceejeanracine.fr\/wdps\/wp-content\/uploads\/2026\/09\/ceremonie-683x1024.jpg 683w, https:\/\/lyceejeanracine.fr\/wdps\/wp-content\/uploads\/2026\/09\/ceremonie-200x300.jpg 200w, https:\/\/lyceejeanracine.fr\/wdps\/wp-content\/uploads\/2026\/09\/ceremonie-768x1152.jpg 768w, https:\/\/lyceejeanracine.fr\/wdps\/wp-content\/uploads\/2026\/09\/ceremonie-750x1125.jpg 750w, https:\/\/lyceejeanracine.fr\/wdps\/wp-content\/uploads\/2026\/09\/ceremonie.jpg 1024w\" sizes=\"auto, (max-width: 683px) 100vw, 683px\" \/><\/figure>\n","protected":false},"excerpt":{"rendered":"","protected":false},"author":1,"featured_media":10253,"comment_status":"open","ping_status":"open","sticky":false,"template":"","format":"standard","meta":{"ngg_post_thumbnail":0,"footnotes":""},"categories":[58,44,7],"tags":[],"class_list":["post-10251","post","type-post","status-publish","format-standard","has-post-thumbnail","hentry","category-communication-direction","category-examens","category-infos","item-wrap"],"post_mailing_queue_ids":[],"_links":{"self":[{"href":"https:\/\/lyceejeanracine.fr\/wdps\/index.php\/wp-json\/wp\/v2\/posts\/10251","targetHints":{"allow":["GET"]}}],"collection":[{"href":"https:\/\/lyceejeanracine.fr\/wdps\/index.php\/wp-json\/wp\/v2\/posts"}],"about":[{"href":"https:\/\/lyceejeanracine.fr\/wdps\/index.php\/wp-json\/wp\/v2\/types\/post"}],"author":[{"embeddable":true,"href":"https:\/\/lyceejeanracine.fr\/wdps\/index.php\/wp-json\/wp\/v2\/users\/1"}],"replies":[{"embeddable":true,"href":"https:\/\/lyceejeanracine.fr\/wdps\/index.php\/wp-json\/wp\/v2\/comments?post=10251"}],"version-history":[{"count":1,"href":"https:\/\/lyceejeanracine.fr\/wdps\/index.php\/wp-json\/wp\/v2\/posts\/10251\/revisions"}],"predecessor-version":[{"id":10254,"href":"https:\/\/lyceejeanracine.fr\/wdps\/index.php\/wp-json\/wp\/v2\/posts\/10251\/revisions\/10254"}],"wp:featuredmedia":[{"embeddable":true,"href":"https:\/\/lyceejeanracine.fr\/wdps\/index.php\/wp-json\/wp\/v2\/media\/10253"}],"wp:attachment":[{"href":"https:\/\/lyceejeanracine.fr\/wdps\/index.php\/wp-json\/wp\/v2\/media?parent=10251"}],"wp:term":[{"taxonomy":"category","embeddable":true,"href":"https:\/\/lyceejeanracine.fr\/wdps\/index.php\/wp-json\/wp\/v2\/categories?post=10251"},{"taxonomy":"post_tag","embeddable":true,"href":"https:\/\/lyceejeanracine.fr\/wdps\/index.php\/wp-json\/wp\/v2\/tags?post=10251"}],"curies":[{"name":"wp","href":"https:\/\/api.w.org\/{rel}","templated":true}]}}