{"id":1105,"date":"2018-03-20T07:38:19","date_gmt":"2018-03-20T06:38:19","guid":{"rendered":"http:\/\/lyceejeanracine.fr\/wdps\/?p=1105"},"modified":"2018-03-20T07:38:19","modified_gmt":"2018-03-20T06:38:19","slug":"projet-robotique-si-citec-icn-que-naissent-les-robots","status":"publish","type":"post","link":"https:\/\/lyceejeanracine.fr\/wdps\/index.php\/2018\/03\/20\/projet-robotique-si-citec-icn-que-naissent-les-robots\/","title":{"rendered":"Projet Robotique (SI, CITEC, ICN): Que naissent les robots !"},"content":{"rendered":"<p><a href=\"https:\/\/lyceejeanracine.fr\/wdps\/wp-content\/uploads\/2018\/03\/IMG_20180319_162337.jpg\"><img loading=\"lazy\" decoding=\"async\" class=\"alignleft wp-image-1107 size-thumbnail\" src=\"https:\/\/lyceejeanracine.fr\/wdps\/wp-content\/uploads\/2018\/03\/IMG_20180319_162337-100x100.jpg\" alt=\"\" width=\"100\" height=\"100\" \/><\/a><\/p>\n<p>Dans le cadre du projet robotique, les \u00e9l\u00e8ves de secondes (SI,CITEC,ICN) participent \u00e0 un concours de robotique en partenariat avec l&rsquo;ESIEE. Ils \u00e9laborent un robot de A \u00e0 Z (imprimante 3D, d\u00e9coupe laser, programmation, prototypage, tests, etc&#8230;<\/p>\n<p><!--more--><\/p>\n\n\t\t<style type=\"text\/css\">\n\t\t\t#gallery-1 {\n\t\t\t\tmargin: auto;\n\t\t\t}\n\t\t\t#gallery-1 .gallery-item {\n\t\t\t\tfloat: left;\n\t\t\t\tmargin-top: 10px;\n\t\t\t\ttext-align: center;\n\t\t\t\twidth: 50%;\n\t\t\t}\n\t\t\t#gallery-1 img {\n\t\t\t\tborder: 2px solid #cfcfcf;\n\t\t\t}\n\t\t\t#gallery-1 .gallery-caption {\n\t\t\t\tmargin-left: 0;\n\t\t\t}\n\t\t\t\/* see gallery_shortcode() in wp-includes\/media.php *\/\n\t\t<\/style>\n\t\t<div id='gallery-1' class='gallery galleryid-1105 gallery-columns-2 gallery-size-medium'><dl class='gallery-item'>\n\t\t\t<dt class='gallery-icon landscape'>\n\t\t\t\t<a href='https:\/\/lyceejeanracine.fr\/wdps\/index.php\/2018\/03\/20\/projet-robotique-si-citec-icn-que-naissent-les-robots\/sdr-7\/'><img loading=\"lazy\" decoding=\"async\" width=\"300\" height=\"225\" src=\"https:\/\/lyceejeanracine.fr\/wdps\/wp-content\/uploads\/2018\/03\/IMG_20180319_162445-300x225.jpg\" class=\"attachment-medium size-medium\" alt=\"\" aria-describedby=\"gallery-1-1109\" srcset=\"https:\/\/lyceejeanracine.fr\/wdps\/wp-content\/uploads\/2018\/03\/IMG_20180319_162445-300x225.jpg 300w, https:\/\/lyceejeanracine.fr\/wdps\/wp-content\/uploads\/2018\/03\/IMG_20180319_162445-768x576.jpg 768w, https:\/\/lyceejeanracine.fr\/wdps\/wp-content\/uploads\/2018\/03\/IMG_20180319_162445-1024x768.jpg 1024w\" sizes=\"(max-width: 300px) 100vw, 300px\" \/><\/a>\n\t\t\t<\/dt>\n\t\t\t\t<dd class='wp-caption-text gallery-caption' id='gallery-1-1109'>\n\t\t\t\t Programmation\n\t\t\t\t<\/dd><\/dl><dl class='gallery-item'>\n\t\t\t<dt class='gallery-icon landscape'>\n\t\t\t\t<a href='https:\/\/lyceejeanracine.fr\/wdps\/index.php\/2018\/03\/20\/projet-robotique-si-citec-icn-que-naissent-les-robots\/sdr-6\/'><img loading=\"lazy\" decoding=\"async\" width=\"300\" height=\"225\" src=\"https:\/\/lyceejeanracine.fr\/wdps\/wp-content\/uploads\/2018\/03\/IMG_20180319_162415-300x225.jpg\" class=\"attachment-medium size-medium\" alt=\"\" aria-describedby=\"gallery-1-1108\" srcset=\"https:\/\/lyceejeanracine.fr\/wdps\/wp-content\/uploads\/2018\/03\/IMG_20180319_162415-300x225.jpg 300w, https:\/\/lyceejeanracine.fr\/wdps\/wp-content\/uploads\/2018\/03\/IMG_20180319_162415-768x576.jpg 768w, https:\/\/lyceejeanracine.fr\/wdps\/wp-content\/uploads\/2018\/03\/IMG_20180319_162415-1024x768.jpg 1024w\" sizes=\"(max-width: 300px) 100vw, 300px\" \/><\/a>\n\t\t\t<\/dt>\n\t\t\t\t<dd class='wp-caption-text gallery-caption' id='gallery-1-1108'>\n\t\t\t\tTest des moteurs\n\t\t\t\t<\/dd><\/dl><br style=\"clear: both\" \/><dl class='gallery-item'>\n\t\t\t<dt class='gallery-icon landscape'>\n\t\t\t\t<a href='https:\/\/lyceejeanracine.fr\/wdps\/index.php\/2018\/03\/20\/projet-robotique-si-citec-icn-que-naissent-les-robots\/sdr-5\/'><img loading=\"lazy\" decoding=\"async\" width=\"300\" height=\"225\" src=\"https:\/\/lyceejeanracine.fr\/wdps\/wp-content\/uploads\/2018\/03\/IMG_20180319_162337-300x225.jpg\" class=\"attachment-medium size-medium\" alt=\"\" aria-describedby=\"gallery-1-1107\" srcset=\"https:\/\/lyceejeanracine.fr\/wdps\/wp-content\/uploads\/2018\/03\/IMG_20180319_162337-300x225.jpg 300w, https:\/\/lyceejeanracine.fr\/wdps\/wp-content\/uploads\/2018\/03\/IMG_20180319_162337-768x576.jpg 768w, https:\/\/lyceejeanracine.fr\/wdps\/wp-content\/uploads\/2018\/03\/IMG_20180319_162337-1024x768.jpg 1024w\" sizes=\"(max-width: 300px) 100vw, 300px\" \/><\/a>\n\t\t\t<\/dt>\n\t\t\t\t<dd class='wp-caption-text gallery-caption' id='gallery-1-1107'>\n\t\t\t\tAssemblage du ch\u00e2ssis juste cr\u00e9\u00e9\n\t\t\t\t<\/dd><\/dl><dl class='gallery-item'>\n\t\t\t<dt class='gallery-icon landscape'>\n\t\t\t\t<a href='https:\/\/lyceejeanracine.fr\/wdps\/index.php\/2018\/03\/20\/projet-robotique-si-citec-icn-que-naissent-les-robots\/dav-6\/'><img loading=\"lazy\" decoding=\"async\" width=\"300\" height=\"225\" src=\"https:\/\/lyceejeanracine.fr\/wdps\/wp-content\/uploads\/2018\/03\/IMG_20180319_162348-300x225.jpg\" class=\"attachment-medium size-medium\" alt=\"\" aria-describedby=\"gallery-1-1106\" srcset=\"https:\/\/lyceejeanracine.fr\/wdps\/wp-content\/uploads\/2018\/03\/IMG_20180319_162348-300x225.jpg 300w, https:\/\/lyceejeanracine.fr\/wdps\/wp-content\/uploads\/2018\/03\/IMG_20180319_162348-768x576.jpg 768w, https:\/\/lyceejeanracine.fr\/wdps\/wp-content\/uploads\/2018\/03\/IMG_20180319_162348-1024x768.jpg 1024w\" sizes=\"(max-width: 300px) 100vw, 300px\" \/><\/a>\n\t\t\t<\/dt>\n\t\t\t\t<dd class='wp-caption-text gallery-caption' id='gallery-1-1106'>\n\t\t\t\tInt\u00e9gration des composants\n\t\t\t\t<\/dd><\/dl><br style=\"clear: both\" \/>\n\t\t<\/div>\n\n<p>&nbsp;<\/p>\n","protected":false},"excerpt":{"rendered":"<p><a href=\"https:\/\/lyceejeanracine.fr\/wdps\/wp-content\/uploads\/2018\/03\/IMG_20180319_162337.jpg\"><\/a><\/p>\n<p>Dans le cadre du projet robotique, les \u00e9l\u00e8ves de secondes (SI,CITEC,ICN) participent \u00e0 un concours de robotique en partenariat avec l&rsquo;ESIEE. Ils \u00e9laborent un robot de A \u00e0 Z (imprimante 3D, d\u00e9coupe laser, programmation, prototypage, tests, etc&#8230;<\/p><p><a class=\"more-link btn\" href=\"https:\/\/lyceejeanracine.fr\/wdps\/index.php\/2018\/03\/20\/projet-robotique-si-citec-icn-que-naissent-les-robots\/\">Lire la suite<\/a><\/p>\n","protected":false},"author":1,"featured_media":1107,"comment_status":"open","ping_status":"open","sticky":false,"template":"","format":"standard","meta":{"ngg_post_thumbnail":0,"footnotes":""},"categories":[22,20,7,4],"tags":[],"post_mailing_queue_ids":[],"_links":{"self":[{"href":"https:\/\/lyceejeanracine.fr\/wdps\/index.php\/wp-json\/wp\/v2\/posts\/1105"}],"collection":[{"href":"https:\/\/lyceejeanracine.fr\/wdps\/index.php\/wp-json\/wp\/v2\/posts"}],"about":[{"href":"https:\/\/lyceejeanracine.fr\/wdps\/index.php\/wp-json\/wp\/v2\/types\/post"}],"author":[{"embeddable":true,"href":"https:\/\/lyceejeanracine.fr\/wdps\/index.php\/wp-json\/wp\/v2\/users\/1"}],"replies":[{"embeddable":true,"href":"https:\/\/lyceejeanracine.fr\/wdps\/index.php\/wp-json\/wp\/v2\/comments?post=1105"}],"version-history":[{"count":1,"href":"https:\/\/lyceejeanracine.fr\/wdps\/index.php\/wp-json\/wp\/v2\/posts\/1105\/revisions"}],"predecessor-version":[{"id":1110,"href":"https:\/\/lyceejeanracine.fr\/wdps\/index.php\/wp-json\/wp\/v2\/posts\/1105\/revisions\/1110"}],"wp:featuredmedia":[{"embeddable":true,"href":"https:\/\/lyceejeanracine.fr\/wdps\/index.php\/wp-json\/wp\/v2\/media\/1107"}],"wp:attachment":[{"href":"https:\/\/lyceejeanracine.fr\/wdps\/index.php\/wp-json\/wp\/v2\/media?parent=1105"}],"wp:term":[{"taxonomy":"category","embeddable":true,"href":"https:\/\/lyceejeanracine.fr\/wdps\/index.php\/wp-json\/wp\/v2\/categories?post=1105"},{"taxonomy":"post_tag","embeddable":true,"href":"https:\/\/lyceejeanracine.fr\/wdps\/index.php\/wp-json\/wp\/v2\/tags?post=1105"}],"curies":[{"name":"wp","href":"https:\/\/api.w.org\/{rel}","templated":true}]}}