{"id":1140,"date":"2018-03-31T18:03:50","date_gmt":"2018-03-31T16:03:50","guid":{"rendered":"http:\/\/lyceejeanracine.fr\/wdps\/?p=1140"},"modified":"2018-04-08T16:54:57","modified_gmt":"2018-04-08T14:54:57","slug":"petite-visite-chez-les-1atmfc","status":"publish","type":"post","link":"https:\/\/lyceejeanracine.fr\/wdps\/index.php\/2018\/03\/31\/petite-visite-chez-les-1atmfc\/","title":{"rendered":"Petite visite chez les 1ATMFC"},"content":{"rendered":"<p><a href=\"https:\/\/lyceejeanracine.fr\/wdps\/wp-content\/uploads\/2018\/03\/IMG_20180330_162413.jpg\"><img loading=\"lazy\" decoding=\"async\" class=\"wp-image-1143 size-thumbnail alignleft\" src=\"https:\/\/lyceejeanracine.fr\/wdps\/wp-content\/uploads\/2018\/03\/IMG_20180330_162413-100x100.jpg\" alt=\"\" width=\"100\" height=\"100\" \/><\/a>Les 1ATMFC ( CAP 1\u00e8re ann\u00e9e d&rsquo;assistant technique en milieu familial et collectif) vous pr\u00e9sentent le travail r\u00e9alis\u00e9 pendant leur PPCP (projet pluridisciplinaire \u00e0 caract\u00e8re professionnel). Les \u00e9l\u00e8ves ont cr\u00e9e une fresque sur le mur de leur salle de cours pour expliquer simplement et tr\u00e8s clairement toutes les r\u00e8gles de vie, de travail et d&rsquo;hygi\u00e8ne qui leur sont apprises pendant les deux ann\u00e9es de formation.\u00a0<!--more--> La couleur des blouses, l&rsquo;hygi\u00e8ne des mains, la communication entre professionnels et les activit\u00e9s techniques ont \u00e9t\u00e9 clairement sch\u00e9matis\u00e9es et permettent \u00e0 tous de comprendre les objectifs de ce CAP valoris\u00e9 par des stages qui peuvent, par exemple, se d\u00e9rouler en centres hospitaliers, en maisons de retraite, en restaurants de collectivit\u00e9s, etc..<\/p>\n<p>Merci aux \u00e9l\u00e8ves de premi\u00e8re ann\u00e9e pour l&rsquo;accueil et les explications.<\/p>\n\n\t\t<style type=\"text\/css\">\n\t\t\t#gallery-1 {\n\t\t\t\tmargin: auto;\n\t\t\t}\n\t\t\t#gallery-1 .gallery-item {\n\t\t\t\tfloat: left;\n\t\t\t\tmargin-top: 10px;\n\t\t\t\ttext-align: center;\n\t\t\t\twidth: 33%;\n\t\t\t}\n\t\t\t#gallery-1 img {\n\t\t\t\tborder: 2px solid #cfcfcf;\n\t\t\t}\n\t\t\t#gallery-1 .gallery-caption {\n\t\t\t\tmargin-left: 0;\n\t\t\t}\n\t\t\t\/* see gallery_shortcode() in wp-includes\/media.php *\/\n\t\t<\/style>\n\t\t<div id='gallery-1' class='gallery galleryid-1140 gallery-columns-3 gallery-size-medium'><dl class='gallery-item'>\n\t\t\t<dt class='gallery-icon landscape'>\n\t\t\t\t<a href='https:\/\/lyceejeanracine.fr\/wdps\/index.php\/2018\/03\/31\/petite-visite-chez-les-1atmfc\/dav-9\/'><img loading=\"lazy\" decoding=\"async\" width=\"300\" height=\"225\" src=\"https:\/\/lyceejeanracine.fr\/wdps\/wp-content\/uploads\/2018\/03\/IMG_20180330_162413-300x225.jpg\" class=\"attachment-medium size-medium\" alt=\"\" srcset=\"https:\/\/lyceejeanracine.fr\/wdps\/wp-content\/uploads\/2018\/03\/IMG_20180330_162413-300x225.jpg 300w, https:\/\/lyceejeanracine.fr\/wdps\/wp-content\/uploads\/2018\/03\/IMG_20180330_162413-768x576.jpg 768w, https:\/\/lyceejeanracine.fr\/wdps\/wp-content\/uploads\/2018\/03\/IMG_20180330_162413-1024x768.jpg 1024w\" sizes=\"(max-width: 300px) 100vw, 300px\" \/><\/a>\n\t\t\t<\/dt><\/dl><dl class='gallery-item'>\n\t\t\t<dt class='gallery-icon landscape'>\n\t\t\t\t<a href='https:\/\/lyceejeanracine.fr\/wdps\/index.php\/2018\/03\/31\/petite-visite-chez-les-1atmfc\/dav-8\/'><img loading=\"lazy\" decoding=\"async\" width=\"300\" height=\"225\" src=\"https:\/\/lyceejeanracine.fr\/wdps\/wp-content\/uploads\/2018\/03\/IMG_20180330_162407-300x225.jpg\" class=\"attachment-medium size-medium\" alt=\"\" srcset=\"https:\/\/lyceejeanracine.fr\/wdps\/wp-content\/uploads\/2018\/03\/IMG_20180330_162407-300x225.jpg 300w, https:\/\/lyceejeanracine.fr\/wdps\/wp-content\/uploads\/2018\/03\/IMG_20180330_162407-768x576.jpg 768w, https:\/\/lyceejeanracine.fr\/wdps\/wp-content\/uploads\/2018\/03\/IMG_20180330_162407-1024x768.jpg 1024w\" sizes=\"(max-width: 300px) 100vw, 300px\" \/><\/a>\n\t\t\t<\/dt><\/dl><dl class='gallery-item'>\n\t\t\t<dt class='gallery-icon landscape'>\n\t\t\t\t<a href='https:\/\/lyceejeanracine.fr\/wdps\/index.php\/2018\/03\/31\/petite-visite-chez-les-1atmfc\/dav-7\/'><img loading=\"lazy\" decoding=\"async\" width=\"300\" height=\"225\" src=\"https:\/\/lyceejeanracine.fr\/wdps\/wp-content\/uploads\/2018\/03\/IMG_20180330_162402-300x225.jpg\" class=\"attachment-medium size-medium\" alt=\"\" srcset=\"https:\/\/lyceejeanracine.fr\/wdps\/wp-content\/uploads\/2018\/03\/IMG_20180330_162402-300x225.jpg 300w, https:\/\/lyceejeanracine.fr\/wdps\/wp-content\/uploads\/2018\/03\/IMG_20180330_162402-768x576.jpg 768w, https:\/\/lyceejeanracine.fr\/wdps\/wp-content\/uploads\/2018\/03\/IMG_20180330_162402-1024x768.jpg 1024w\" sizes=\"(max-width: 300px) 100vw, 300px\" \/><\/a>\n\t\t\t<\/dt><\/dl><br style=\"clear: both\" \/>\n\t\t<\/div>\n\n<p>&nbsp;<\/p>\n","protected":false},"excerpt":{"rendered":"<p><a href=\"https:\/\/lyceejeanracine.fr\/wdps\/wp-content\/uploads\/2018\/03\/IMG_20180330_162413.jpg\"><\/a>Les 1ATMFC ( CAP 1\u00e8re ann\u00e9e d&rsquo;assistant technique en milieu familial et collectif) vous pr\u00e9sentent le travail r\u00e9alis\u00e9 pendant leur PPCP (projet pluridisciplinaire \u00e0 caract\u00e8re professionnel). Les \u00e9l\u00e8ves ont cr\u00e9e une fresque sur le mur de leur salle de cours pour expliquer simplement et tr\u00e8s clairement toutes les r\u00e8gles de vie, de travail et &hellip; <\/p>\n<p><a class=\"more-link btn\" href=\"https:\/\/lyceejeanracine.fr\/wdps\/index.php\/2018\/03\/31\/petite-visite-chez-les-1atmfc\/\">Lire la suite<\/a><\/p>\n","protected":false},"author":1,"featured_media":1143,"comment_status":"open","ping_status":"open","sticky":false,"template":"","format":"standard","meta":{"ngg_post_thumbnail":0,"footnotes":""},"categories":[6,7,4],"tags":[],"post_mailing_queue_ids":[],"_links":{"self":[{"href":"https:\/\/lyceejeanracine.fr\/wdps\/index.php\/wp-json\/wp\/v2\/posts\/1140"}],"collection":[{"href":"https:\/\/lyceejeanracine.fr\/wdps\/index.php\/wp-json\/wp\/v2\/posts"}],"about":[{"href":"https:\/\/lyceejeanracine.fr\/wdps\/index.php\/wp-json\/wp\/v2\/types\/post"}],"author":[{"embeddable":true,"href":"https:\/\/lyceejeanracine.fr\/wdps\/index.php\/wp-json\/wp\/v2\/users\/1"}],"replies":[{"embeddable":true,"href":"https:\/\/lyceejeanracine.fr\/wdps\/index.php\/wp-json\/wp\/v2\/comments?post=1140"}],"version-history":[{"count":6,"href":"https:\/\/lyceejeanracine.fr\/wdps\/index.php\/wp-json\/wp\/v2\/posts\/1140\/revisions"}],"predecessor-version":[{"id":1150,"href":"https:\/\/lyceejeanracine.fr\/wdps\/index.php\/wp-json\/wp\/v2\/posts\/1140\/revisions\/1150"}],"wp:featuredmedia":[{"embeddable":true,"href":"https:\/\/lyceejeanracine.fr\/wdps\/index.php\/wp-json\/wp\/v2\/media\/1143"}],"wp:attachment":[{"href":"https:\/\/lyceejeanracine.fr\/wdps\/index.php\/wp-json\/wp\/v2\/media?parent=1140"}],"wp:term":[{"taxonomy":"category","embeddable":true,"href":"https:\/\/lyceejeanracine.fr\/wdps\/index.php\/wp-json\/wp\/v2\/categories?post=1140"},{"taxonomy":"post_tag","embeddable":true,"href":"https:\/\/lyceejeanracine.fr\/wdps\/index.php\/wp-json\/wp\/v2\/tags?post=1140"}],"curies":[{"name":"wp","href":"https:\/\/api.w.org\/{rel}","templated":true}]}}