{"id":1257,"date":"2018-05-18T20:08:37","date_gmt":"2018-05-18T18:08:37","guid":{"rendered":"http:\/\/lyceejeanracine.fr\/wdps\/?p=1257"},"modified":"2018-05-18T20:11:11","modified_gmt":"2018-05-18T18:11:11","slug":"actualite-sur-le-site-academique","status":"publish","type":"post","link":"https:\/\/lyceejeanracine.fr\/wdps\/index.php\/2018\/05\/18\/actualite-sur-le-site-academique\/","title":{"rendered":"Actualit\u00e9 sur le site acad\u00e9mique"},"content":{"rendered":"<p><a href=\"https:\/\/lyceejeanracine.fr\/wdps\/wp-content\/uploads\/2018\/05\/cabinet_de_curiosite.jpg\"><img loading=\"lazy\" decoding=\"async\" class=\"alignleft size-thumbnail wp-image-1258\" src=\"https:\/\/lyceejeanracine.fr\/wdps\/wp-content\/uploads\/2018\/05\/cabinet_de_curiosite-100x100.jpg\" alt=\"\" width=\"100\" height=\"100\" \/><\/a>Le cabinet de curiosit\u00e9s du Mus\u00e9e de Picardie au Lyc\u00e9e Jean-Racine de Montdidier.<\/p>\n<p>Nathalie Dev\u00e8ze, Vice-Pr\u00e9sidente d\u2019Amiens M\u00e9tropole en charge de la Culture, a assist\u00e9 au \u00ab finissage \u00bb de l\u2019exposition \u00ab Petit cabinet de curiosit\u00e9s \u00bb le 20 mars 2018 au lyc\u00e9e Jean-Racine, <!--more--><\/p>\n<p><a href=\"http:\/\/www.ac-amiens.fr\/1888-le-cabinet-de-curiosites-du-musee-de-picardie-au-lycee-jean.html\" target=\"_blank\" rel=\"noopener\">Lire l&rsquo;article sur le site acad\u00e9mique.<\/a><\/p>\n","protected":false},"excerpt":{"rendered":"<p><a href=\"https:\/\/lyceejeanracine.fr\/wdps\/wp-content\/uploads\/2018\/05\/cabinet_de_curiosite.jpg\"><\/a>Le cabinet de curiosit\u00e9s du Mus\u00e9e de Picardie au Lyc\u00e9e Jean-Racine de Montdidier.<\/p>\n<p>Nathalie Dev\u00e8ze, Vice-Pr\u00e9sidente d\u2019Amiens M\u00e9tropole en charge de la Culture, a assist\u00e9 au \u00ab finissage \u00bb de l\u2019exposition \u00ab Petit cabinet de curiosit\u00e9s \u00bb le 20 mars 2018 au lyc\u00e9e Jean-Racine, <\/p><p><a class=\"more-link btn\" href=\"https:\/\/lyceejeanracine.fr\/wdps\/index.php\/2018\/05\/18\/actualite-sur-le-site-academique\/\">Lire la suite<\/a><\/p>\n","protected":false},"author":1,"featured_media":1258,"comment_status":"open","ping_status":"open","sticky":false,"template":"","format":"standard","meta":{"ngg_post_thumbnail":0,"footnotes":""},"categories":[19,7,4],"tags":[],"post_mailing_queue_ids":[],"_links":{"self":[{"href":"https:\/\/lyceejeanracine.fr\/wdps\/index.php\/wp-json\/wp\/v2\/posts\/1257"}],"collection":[{"href":"https:\/\/lyceejeanracine.fr\/wdps\/index.php\/wp-json\/wp\/v2\/posts"}],"about":[{"href":"https:\/\/lyceejeanracine.fr\/wdps\/index.php\/wp-json\/wp\/v2\/types\/post"}],"author":[{"embeddable":true,"href":"https:\/\/lyceejeanracine.fr\/wdps\/index.php\/wp-json\/wp\/v2\/users\/1"}],"replies":[{"embeddable":true,"href":"https:\/\/lyceejeanracine.fr\/wdps\/index.php\/wp-json\/wp\/v2\/comments?post=1257"}],"version-history":[{"count":1,"href":"https:\/\/lyceejeanracine.fr\/wdps\/index.php\/wp-json\/wp\/v2\/posts\/1257\/revisions"}],"predecessor-version":[{"id":1259,"href":"https:\/\/lyceejeanracine.fr\/wdps\/index.php\/wp-json\/wp\/v2\/posts\/1257\/revisions\/1259"}],"wp:featuredmedia":[{"embeddable":true,"href":"https:\/\/lyceejeanracine.fr\/wdps\/index.php\/wp-json\/wp\/v2\/media\/1258"}],"wp:attachment":[{"href":"https:\/\/lyceejeanracine.fr\/wdps\/index.php\/wp-json\/wp\/v2\/media?parent=1257"}],"wp:term":[{"taxonomy":"category","embeddable":true,"href":"https:\/\/lyceejeanracine.fr\/wdps\/index.php\/wp-json\/wp\/v2\/categories?post=1257"},{"taxonomy":"post_tag","embeddable":true,"href":"https:\/\/lyceejeanracine.fr\/wdps\/index.php\/wp-json\/wp\/v2\/tags?post=1257"}],"curies":[{"name":"wp","href":"https:\/\/api.w.org\/{rel}","templated":true}]}}