{"id":1790,"date":"2018-09-18T23:09:15","date_gmt":"2018-09-18T21:09:15","guid":{"rendered":"http:\/\/lyceejeanracine.fr\/wdps\/?p=1790"},"modified":"2018-09-18T23:09:15","modified_gmt":"2018-09-18T21:09:15","slug":"tests-de-positionnement-en-seconde","status":"publish","type":"post","link":"https:\/\/lyceejeanracine.fr\/wdps\/index.php\/2018\/09\/18\/tests-de-positionnement-en-seconde\/","title":{"rendered":"Tests de positionnement en seconde"},"content":{"rendered":"<p><img loading=\"lazy\" decoding=\"async\" class=\"\" src=\"http:\/\/pardailhan.entmip.fr\/lectureFichiergw.do?ID_FICHIER=1516255516657\" alt=\"\" width=\"149\" height=\"84\"><\/p>\n<p>Les tests de positionnement en seconde (g\u00e9n\u00e9rale et professionnelle) se d\u00e9rouleront du mercredi 19 septembre au mercredi 03 octobre.<!--more--><\/p>\n<p style=\"text-align: center;\"><strong><a href=\"http:\/\/www.education.gouv.fr\/cid131264\/le-test-de-positionnement-de-debut-de-seconde.html\" target=\"_blank\" rel=\"noopener\">En savoir plus sur le test de positionnement !&nbsp;<\/a><\/strong><\/p>\n","protected":false},"excerpt":{"rendered":"<\/p>\n<p>Les tests de positionnement en seconde (g\u00e9n\u00e9rale et professionnelle) se d\u00e9rouleront du mercredi 19 septembre au mercredi 03 octobre.<\/p><p><a class=\"more-link btn\" href=\"https:\/\/lyceejeanracine.fr\/wdps\/index.php\/2018\/09\/18\/tests-de-positionnement-en-seconde\/\">Lire la suite<\/a><\/p>\n","protected":false},"author":1,"featured_media":1791,"comment_status":"open","ping_status":"open","sticky":false,"template":"","format":"standard","meta":{"ngg_post_thumbnail":0,"footnotes":""},"categories":[7],"tags":[],"post_mailing_queue_ids":[],"_links":{"self":[{"href":"https:\/\/lyceejeanracine.fr\/wdps\/index.php\/wp-json\/wp\/v2\/posts\/1790"}],"collection":[{"href":"https:\/\/lyceejeanracine.fr\/wdps\/index.php\/wp-json\/wp\/v2\/posts"}],"about":[{"href":"https:\/\/lyceejeanracine.fr\/wdps\/index.php\/wp-json\/wp\/v2\/types\/post"}],"author":[{"embeddable":true,"href":"https:\/\/lyceejeanracine.fr\/wdps\/index.php\/wp-json\/wp\/v2\/users\/1"}],"replies":[{"embeddable":true,"href":"https:\/\/lyceejeanracine.fr\/wdps\/index.php\/wp-json\/wp\/v2\/comments?post=1790"}],"version-history":[{"count":1,"href":"https:\/\/lyceejeanracine.fr\/wdps\/index.php\/wp-json\/wp\/v2\/posts\/1790\/revisions"}],"predecessor-version":[{"id":1792,"href":"https:\/\/lyceejeanracine.fr\/wdps\/index.php\/wp-json\/wp\/v2\/posts\/1790\/revisions\/1792"}],"wp:featuredmedia":[{"embeddable":true,"href":"https:\/\/lyceejeanracine.fr\/wdps\/index.php\/wp-json\/wp\/v2\/media\/1791"}],"wp:attachment":[{"href":"https:\/\/lyceejeanracine.fr\/wdps\/index.php\/wp-json\/wp\/v2\/media?parent=1790"}],"wp:term":[{"taxonomy":"category","embeddable":true,"href":"https:\/\/lyceejeanracine.fr\/wdps\/index.php\/wp-json\/wp\/v2\/categories?post=1790"},{"taxonomy":"post_tag","embeddable":true,"href":"https:\/\/lyceejeanracine.fr\/wdps\/index.php\/wp-json\/wp\/v2\/tags?post=1790"}],"curies":[{"name":"wp","href":"https:\/\/api.w.org\/{rel}","templated":true}]}}