{"id":1864,"date":"2018-10-15T21:21:39","date_gmt":"2018-10-15T19:21:39","guid":{"rendered":"http:\/\/lyceejeanracine.fr\/wdps\/?p=1864"},"modified":"2018-10-15T21:21:39","modified_gmt":"2018-10-15T19:21:39","slug":"fete-de-la-science","status":"publish","type":"post","link":"https:\/\/lyceejeanracine.fr\/wdps\/index.php\/2018\/10\/15\/fete-de-la-science\/","title":{"rendered":"F\u00eate de la science"},"content":{"rendered":"<p><a href=\"https:\/\/lyceejeanracine.fr\/wdps\/wp-content\/uploads\/2018\/10\/fs4.jpg\"><img loading=\"lazy\" decoding=\"async\" class=\"alignleft size-medium wp-image-1876\" src=\"https:\/\/lyceejeanracine.fr\/wdps\/wp-content\/uploads\/2018\/10\/fs4-300x169.jpg\" alt=\"\" width=\"300\" height=\"169\" srcset=\"https:\/\/lyceejeanracine.fr\/wdps\/wp-content\/uploads\/2018\/10\/fs4-300x169.jpg 300w, https:\/\/lyceejeanracine.fr\/wdps\/wp-content\/uploads\/2018\/10\/fs4-768x432.jpg 768w, https:\/\/lyceejeanracine.fr\/wdps\/wp-content\/uploads\/2018\/10\/fs4-1024x576.jpg 1024w\" sizes=\"(max-width: 300px) 100vw, 300px\" \/><\/a>Le minist\u00e8re de l&rsquo;Enseignement sup\u00e9rieur, de la Recherche et de l&rsquo;Innovation organise&nbsp;chaque ann\u00e9e&nbsp;la F\u00eate de la Science. Cet \u00e9v\u00e9nement national a pour but de&nbsp;promouvoir la science aupr\u00e8s du grand public. Il lui permet d&rsquo;aborder&nbsp;gratuitement&nbsp;les sujets scientifiques dans un rapport direct avec ses acteurs.<br \/>\nL&rsquo;objectif principal est de stimuler, chez les jeunes, l&rsquo;int\u00e9r\u00eat pour la science, la curiosit\u00e9 \u00e0 l&rsquo;\u00e9gard des carri\u00e8res scientifiques, susciter des vocations.<!--more--><\/p>\n<p>Cette ann\u00e9e encore, au lyc\u00e9e Jean Racine \u00e0 Montdidier, dans le cadre de la f\u00eate de la sciences et de la liaison coll\u00e8ge-lyc\u00e9e, nous proposons de sensibiliser des coll\u00e9giens de 3 \u00e8me \u00e0 l\u2019importance de fabriquer de nouveaux plastiques biod\u00e9gradables, les jeudi 11 et vendredi 12 octobre.<br \/>\nC\u2019est \u00e9galement l\u2019occasion pour les futurs lyc\u00e9ens de d\u00e9couvrir l\u2019environnement du lyc\u00e9e.<\/p>\n<p>\u00c0 cette occasion, des professeurs de sciences partagent avec les \u00e9l\u00e8ves des coll\u00e8ges environnants notamment de Moreuil et de Montdidier, leur enthousiasme pour les sciences et techniques \u00e0 travers la r\u00e9alisation d&rsquo;exp\u00e9riences.<br \/>\nAinsi les \u00e9l\u00e8ves ont r\u00e9alis\u00e9 deux exp\u00e9riences&nbsp;:<br \/>\n-l\u2019une en physique sur la r\u00e9alisation de la synth\u00e8se d\u2019un mat\u00e9riau biod\u00e9gradable,<br \/>\n-l\u2018une en SVT ( science de la vie et de la terre) sur le processus de d\u00e9gradation des sacs plastiques \u00e0 base d\u2019amidon.<\/p>\n<!-- default-view.php -->\n<div\n\tclass=\"ngg-galleryoverview default-view \n\t ngg-ajax-pagination-none\t\"\n\tid=\"ngg-gallery-5eab392dc9b0caef380a60619569f153-1\">\n\n\t\t<!-- Thumbnails -->\n\t\t\t\t<div id=\"ngg-image-0\" class=\"ngg-gallery-thumbnail-box \n\t\t\t\t\t\t\t\t\t\t\t\" \n\t\t\t>\n\t\t\t\t\t\t<div class=\"ngg-gallery-thumbnail\">\n\t\t\t<a href=\"https:\/\/lyceejeanracine.fr\/wdps\/wp-content\/gallery\/fete-de-la-science-2018\/fs1.jpg\"\n\t\t\t\ttitle=\" \"\n\t\t\t\tdata-src=\"https:\/\/lyceejeanracine.fr\/wdps\/wp-content\/gallery\/fete-de-la-science-2018\/fs1.jpg\"\n\t\t\t\tdata-thumbnail=\"https:\/\/lyceejeanracine.fr\/wdps\/wp-content\/gallery\/fete-de-la-science-2018\/thumbs\/thumbs_fs1.jpg\"\n\t\t\t\tdata-image-id=\"46\"\n\t\t\t\tdata-title=\"fs1\"\n\t\t\t\tdata-description=\" \"\n\t\t\t\tdata-image-slug=\"fs1-1\"\n\t\t\t\tclass=\"ngg-fancybox\" rel=\"5eab392dc9b0caef380a60619569f153\">\n\t\t\t\t<img\n\t\t\t\t\ttitle=\"fs1\"\n\t\t\t\t\talt=\"fs1\"\n\t\t\t\t\tsrc=\"https:\/\/lyceejeanracine.fr\/wdps\/wp-content\/gallery\/fete-de-la-science-2018\/thumbs\/thumbs_fs1.jpg\"\n\t\t\t\t\twidth=\"240\"\n\t\t\t\t\theight=\"160\"\n\t\t\t\t\tstyle=\"max-width:100%;\"\n\t\t\t\t\/>\n\t\t\t<\/a>\n\t\t<\/div>\n\t\t\t\t\t\t\t<\/div> \n\t\t\t\n\t\t\t\t<div id=\"ngg-image-1\" class=\"ngg-gallery-thumbnail-box \n\t\t\t\t\t\t\t\t\t\t\t\" \n\t\t\t>\n\t\t\t\t\t\t<div class=\"ngg-gallery-thumbnail\">\n\t\t\t<a href=\"https:\/\/lyceejeanracine.fr\/wdps\/wp-content\/gallery\/fete-de-la-science-2018\/fs2.jpg\"\n\t\t\t\ttitle=\" \"\n\t\t\t\tdata-src=\"https:\/\/lyceejeanracine.fr\/wdps\/wp-content\/gallery\/fete-de-la-science-2018\/fs2.jpg\"\n\t\t\t\tdata-thumbnail=\"https:\/\/lyceejeanracine.fr\/wdps\/wp-content\/gallery\/fete-de-la-science-2018\/thumbs\/thumbs_fs2.jpg\"\n\t\t\t\tdata-image-id=\"47\"\n\t\t\t\tdata-title=\"fs2\"\n\t\t\t\tdata-description=\" \"\n\t\t\t\tdata-image-slug=\"fs2-1\"\n\t\t\t\tclass=\"ngg-fancybox\" rel=\"5eab392dc9b0caef380a60619569f153\">\n\t\t\t\t<img\n\t\t\t\t\ttitle=\"fs2\"\n\t\t\t\t\talt=\"fs2\"\n\t\t\t\t\tsrc=\"https:\/\/lyceejeanracine.fr\/wdps\/wp-content\/gallery\/fete-de-la-science-2018\/thumbs\/thumbs_fs2.jpg\"\n\t\t\t\t\twidth=\"240\"\n\t\t\t\t\theight=\"160\"\n\t\t\t\t\tstyle=\"max-width:100%;\"\n\t\t\t\t\/>\n\t\t\t<\/a>\n\t\t<\/div>\n\t\t\t\t\t\t\t<\/div> \n\t\t\t\n\t\t\t\t<div id=\"ngg-image-2\" class=\"ngg-gallery-thumbnail-box \n\t\t\t\t\t\t\t\t\t\t\t\" \n\t\t\t>\n\t\t\t\t\t\t<div class=\"ngg-gallery-thumbnail\">\n\t\t\t<a href=\"https:\/\/lyceejeanracine.fr\/wdps\/wp-content\/gallery\/fete-de-la-science-2018\/fs3.jpg\"\n\t\t\t\ttitle=\" \"\n\t\t\t\tdata-src=\"https:\/\/lyceejeanracine.fr\/wdps\/wp-content\/gallery\/fete-de-la-science-2018\/fs3.jpg\"\n\t\t\t\tdata-thumbnail=\"https:\/\/lyceejeanracine.fr\/wdps\/wp-content\/gallery\/fete-de-la-science-2018\/thumbs\/thumbs_fs3.jpg\"\n\t\t\t\tdata-image-id=\"48\"\n\t\t\t\tdata-title=\"fs3\"\n\t\t\t\tdata-description=\" \"\n\t\t\t\tdata-image-slug=\"fs3-1\"\n\t\t\t\tclass=\"ngg-fancybox\" rel=\"5eab392dc9b0caef380a60619569f153\">\n\t\t\t\t<img\n\t\t\t\t\ttitle=\"fs3\"\n\t\t\t\t\talt=\"fs3\"\n\t\t\t\t\tsrc=\"https:\/\/lyceejeanracine.fr\/wdps\/wp-content\/gallery\/fete-de-la-science-2018\/thumbs\/thumbs_fs3.jpg\"\n\t\t\t\t\twidth=\"240\"\n\t\t\t\t\theight=\"160\"\n\t\t\t\t\tstyle=\"max-width:100%;\"\n\t\t\t\t\/>\n\t\t\t<\/a>\n\t\t<\/div>\n\t\t\t\t\t\t\t<\/div> \n\t\t\t\n\t\t\t\t<div id=\"ngg-image-3\" class=\"ngg-gallery-thumbnail-box \n\t\t\t\t\t\t\t\t\t\t\t\" \n\t\t\t>\n\t\t\t\t\t\t<div class=\"ngg-gallery-thumbnail\">\n\t\t\t<a href=\"https:\/\/lyceejeanracine.fr\/wdps\/wp-content\/gallery\/fete-de-la-science-2018\/fs4.jpg\"\n\t\t\t\ttitle=\" \"\n\t\t\t\tdata-src=\"https:\/\/lyceejeanracine.fr\/wdps\/wp-content\/gallery\/fete-de-la-science-2018\/fs4.jpg\"\n\t\t\t\tdata-thumbnail=\"https:\/\/lyceejeanracine.fr\/wdps\/wp-content\/gallery\/fete-de-la-science-2018\/thumbs\/thumbs_fs4.jpg\"\n\t\t\t\tdata-image-id=\"49\"\n\t\t\t\tdata-title=\"fs4\"\n\t\t\t\tdata-description=\" \"\n\t\t\t\tdata-image-slug=\"fs4-1\"\n\t\t\t\tclass=\"ngg-fancybox\" rel=\"5eab392dc9b0caef380a60619569f153\">\n\t\t\t\t<img\n\t\t\t\t\ttitle=\"fs4\"\n\t\t\t\t\talt=\"fs4\"\n\t\t\t\t\tsrc=\"https:\/\/lyceejeanracine.fr\/wdps\/wp-content\/gallery\/fete-de-la-science-2018\/thumbs\/thumbs_fs4.jpg\"\n\t\t\t\t\twidth=\"240\"\n\t\t\t\t\theight=\"160\"\n\t\t\t\t\tstyle=\"max-width:100%;\"\n\t\t\t\t\/>\n\t\t\t<\/a>\n\t\t<\/div>\n\t\t\t\t\t\t\t<\/div> \n\t\t\t\n\t\n\t<br style=\"clear: both\" \/>\n\n\t\t<div class=\"slideshowlink\">\n\t\t<a href='https:\/\/lyceejeanracine.fr\/wdps\/index.php\/2018\/10\/15\/fete-de-la-science\/nggallery\/slideshow'>&#091;Montrer sous forme de diaporama&#093;<\/a>\n\t\t\n\t<\/div>\n\t\n\t\t<!-- Pagination -->\n\t\t<div class='ngg-clear'><\/div>\t<\/div>\n\n","protected":false},"excerpt":{"rendered":"<p><a href=\"https:\/\/lyceejeanracine.fr\/wdps\/wp-content\/uploads\/2018\/10\/fs4.jpg\"><\/a>Le minist\u00e8re de l&rsquo;Enseignement sup\u00e9rieur, de la Recherche et de l&rsquo;Innovation organise&nbsp;chaque ann\u00e9e&nbsp;la F\u00eate de la Science. Cet \u00e9v\u00e9nement national a pour but de&nbsp;promouvoir la science aupr\u00e8s du grand public. Il lui permet d&rsquo;aborder&nbsp;gratuitement&nbsp;les sujets scientifiques dans un rapport direct avec ses acteurs.<br \/> L&rsquo;objectif principal est de stimuler, chez les jeunes, l&rsquo;int\u00e9r\u00eat pour &hellip; <\/p>\n<p><a class=\"more-link btn\" href=\"https:\/\/lyceejeanracine.fr\/wdps\/index.php\/2018\/10\/15\/fete-de-la-science\/\">Lire la suite<\/a><\/p>\n","protected":false},"author":1,"featured_media":1875,"comment_status":"open","ping_status":"open","sticky":false,"template":"","format":"standard","meta":{"ngg_post_thumbnail":0,"footnotes":""},"categories":[7,4],"tags":[],"post_mailing_queue_ids":[],"_links":{"self":[{"href":"https:\/\/lyceejeanracine.fr\/wdps\/index.php\/wp-json\/wp\/v2\/posts\/1864"}],"collection":[{"href":"https:\/\/lyceejeanracine.fr\/wdps\/index.php\/wp-json\/wp\/v2\/posts"}],"about":[{"href":"https:\/\/lyceejeanracine.fr\/wdps\/index.php\/wp-json\/wp\/v2\/types\/post"}],"author":[{"embeddable":true,"href":"https:\/\/lyceejeanracine.fr\/wdps\/index.php\/wp-json\/wp\/v2\/users\/1"}],"replies":[{"embeddable":true,"href":"https:\/\/lyceejeanracine.fr\/wdps\/index.php\/wp-json\/wp\/v2\/comments?post=1864"}],"version-history":[{"count":1,"href":"https:\/\/lyceejeanracine.fr\/wdps\/index.php\/wp-json\/wp\/v2\/posts\/1864\/revisions"}],"predecessor-version":[{"id":1877,"href":"https:\/\/lyceejeanracine.fr\/wdps\/index.php\/wp-json\/wp\/v2\/posts\/1864\/revisions\/1877"}],"wp:featuredmedia":[{"embeddable":true,"href":"https:\/\/lyceejeanracine.fr\/wdps\/index.php\/wp-json\/wp\/v2\/media\/1875"}],"wp:attachment":[{"href":"https:\/\/lyceejeanracine.fr\/wdps\/index.php\/wp-json\/wp\/v2\/media?parent=1864"}],"wp:term":[{"taxonomy":"category","embeddable":true,"href":"https:\/\/lyceejeanracine.fr\/wdps\/index.php\/wp-json\/wp\/v2\/categories?post=1864"},{"taxonomy":"post_tag","embeddable":true,"href":"https:\/\/lyceejeanracine.fr\/wdps\/index.php\/wp-json\/wp\/v2\/tags?post=1864"}],"curies":[{"name":"wp","href":"https:\/\/api.w.org\/{rel}","templated":true}]}}