{"id":1901,"date":"2018-10-15T22:03:53","date_gmt":"2018-10-15T20:03:53","guid":{"rendered":"http:\/\/lyceejeanracine.fr\/wdps\/?p=1901"},"modified":"2018-10-15T22:03:53","modified_gmt":"2018-10-15T20:03:53","slug":"1ere-commission-menus","status":"publish","type":"post","link":"https:\/\/lyceejeanracine.fr\/wdps\/index.php\/2018\/10\/15\/1ere-commission-menus\/","title":{"rendered":"1\u00e8re commission menus"},"content":{"rendered":"<p>Le mardi 9 octobre 2018 \u00e0 14 h s\u2019est r\u00e9unie la premi\u00e8re r\u00e9union de la commission dont vous trouverez le compte rendu en pi\u00e8ce jointe. Cette premi\u00e8re commission s\u2019est r\u00e9unie notamment suite aux nombreuses remarques qui nous avaient \u00e9t\u00e9 remont\u00e9es par les utilisateurs du service restauration depuis le d\u00e9but de l\u2019ann\u00e9e scolaire. <!--more--><\/p>\n<p><a href=\"https:\/\/lyceejeanracine.fr\/wdps\/index.php\/les-commissions-menus\/\">Acc\u00e8s au compte-rendu<\/a><\/p>\n","protected":false},"excerpt":{"rendered":"<p>Le mardi 9 octobre 2018 \u00e0 14 h s\u2019est r\u00e9unie la premi\u00e8re r\u00e9union de la commission dont vous trouverez le compte rendu en pi\u00e8ce jointe. Cette premi\u00e8re commission s\u2019est r\u00e9unie notamment suite aux nombreuses remarques qui nous avaient \u00e9t\u00e9 remont\u00e9es par les utilisateurs du service restauration depuis le d\u00e9but de l\u2019ann\u00e9e scolaire. <\/p><p><a class=\"more-link btn\" href=\"https:\/\/lyceejeanracine.fr\/wdps\/index.php\/2018\/10\/15\/1ere-commission-menus\/\">Lire la suite<\/a><\/p>\n","protected":false},"author":1,"featured_media":0,"comment_status":"open","ping_status":"open","sticky":false,"template":"","format":"standard","meta":{"ngg_post_thumbnail":0,"footnotes":""},"categories":[18,7],"tags":[],"post_mailing_queue_ids":[],"_links":{"self":[{"href":"https:\/\/lyceejeanracine.fr\/wdps\/index.php\/wp-json\/wp\/v2\/posts\/1901"}],"collection":[{"href":"https:\/\/lyceejeanracine.fr\/wdps\/index.php\/wp-json\/wp\/v2\/posts"}],"about":[{"href":"https:\/\/lyceejeanracine.fr\/wdps\/index.php\/wp-json\/wp\/v2\/types\/post"}],"author":[{"embeddable":true,"href":"https:\/\/lyceejeanracine.fr\/wdps\/index.php\/wp-json\/wp\/v2\/users\/1"}],"replies":[{"embeddable":true,"href":"https:\/\/lyceejeanracine.fr\/wdps\/index.php\/wp-json\/wp\/v2\/comments?post=1901"}],"version-history":[{"count":1,"href":"https:\/\/lyceejeanracine.fr\/wdps\/index.php\/wp-json\/wp\/v2\/posts\/1901\/revisions"}],"predecessor-version":[{"id":1902,"href":"https:\/\/lyceejeanracine.fr\/wdps\/index.php\/wp-json\/wp\/v2\/posts\/1901\/revisions\/1902"}],"wp:attachment":[{"href":"https:\/\/lyceejeanracine.fr\/wdps\/index.php\/wp-json\/wp\/v2\/media?parent=1901"}],"wp:term":[{"taxonomy":"category","embeddable":true,"href":"https:\/\/lyceejeanracine.fr\/wdps\/index.php\/wp-json\/wp\/v2\/categories?post=1901"},{"taxonomy":"post_tag","embeddable":true,"href":"https:\/\/lyceejeanracine.fr\/wdps\/index.php\/wp-json\/wp\/v2\/tags?post=1901"}],"curies":[{"name":"wp","href":"https:\/\/api.w.org\/{rel}","templated":true}]}}