{"id":2436,"date":"2018-12-17T21:26:24","date_gmt":"2018-12-17T20:26:24","guid":{"rendered":"http:\/\/lyceejeanracine.fr\/wdps\/?p=2436"},"modified":"2019-01-07T19:51:03","modified_gmt":"2019-01-07T18:51:03","slug":"forum-du-lyceen-a-letudiant-2019","status":"publish","type":"post","link":"https:\/\/lyceejeanracine.fr\/wdps\/index.php\/2018\/12\/17\/forum-du-lyceen-a-letudiant-2019\/","title":{"rendered":"FORUM DU LYC\u00c9EN A L\u2019\u00c9TUDIANT 2019"},"content":{"rendered":"<p><em>Madame, Monsieur,<\/em><\/p>\n<p><em>&nbsp;<\/em><em>Comme chaque ann\u00e9e, l&rsquo;Acad\u00e9mie d&rsquo;AMIENS et le Conseil R\u00e9gional &nbsp;des Hauts-de-France organisent le Forum du Lyc\u00e9en \u00e0 l&rsquo;Etudiant \u00e0 Amiens M\u00e9gacit\u00e9 en janvier prochain. <\/em><em>Ce salon s&rsquo;adresse plus particuli\u00e8rement aux \u00e9l\u00e8ves des classes de Terminales, et offre un vaste tour d&rsquo;horizon des possibilit\u00e9s d&rsquo;orientation \u00e0 l&rsquo;issue de cette classe.<\/em><\/p>\n<p><em><u>Tous les \u00e9l\u00e8ves de Terminales G\u00e9n\u00e9rales, Technologiques et Professionnelles<\/u><\/em><em> de notre \u00e9tablissement s\u2019y rendront le&nbsp;:<\/em><\/p>\n<p><em>&nbsp;<\/em><em>&nbsp;<strong>jeudi 10 janvier 2019 &nbsp;apr\u00e8s-midi. <\/strong><\/em><strong><em>Pr\u00e9sence obligatoire<\/em><\/strong><\/p>\n<p><strong><em>&nbsp;<\/em><\/strong><em>Le transport de Montdidier \u00e0 Amiens se fera par autocar pour l\u2019aller et le retour. Les horaires de d\u00e9part comme de retour permettront une correspondance avec les transports scolaires (13h00 D\u00e9part&nbsp;\/ 17h45 Retour au Lyc\u00e9e).<\/em><\/p>\n<p>Les \u00e9l\u00e8ves seront lib\u00e9r\u00e9s de cours \u00e0 11h30 afin qu\u2019ils puissent prendre leur d\u00e9jeuner.<\/p>\n","protected":false},"excerpt":{"rendered":"<p>Madame, Monsieur,<\/p>\n<p>&nbsp;Comme chaque ann\u00e9e, l&rsquo;Acad\u00e9mie d&rsquo;AMIENS et le Conseil R\u00e9gional &nbsp;des Hauts-de-France organisent le Forum du Lyc\u00e9en \u00e0 l&rsquo;Etudiant \u00e0 Amiens M\u00e9gacit\u00e9 en janvier prochain. Ce salon s&rsquo;adresse plus particuli\u00e8rement aux \u00e9l\u00e8ves des classes de Terminales, et offre un vaste tour d&rsquo;horizon des possibilit\u00e9s d&rsquo;orientation \u00e0 l&rsquo;issue de cette classe.<\/p>\n<p>Tous les \u00e9l\u00e8ves de &hellip; <\/p>\n<p><a class=\"more-link btn\" href=\"https:\/\/lyceejeanracine.fr\/wdps\/index.php\/2018\/12\/17\/forum-du-lyceen-a-letudiant-2019\/\">Lire la suite<\/a><\/p>\n","protected":false},"author":1,"featured_media":2437,"comment_status":"open","ping_status":"open","sticky":false,"template":"","format":"standard","meta":{"ngg_post_thumbnail":0,"footnotes":""},"categories":[6,7,4],"tags":[],"post_mailing_queue_ids":[],"_links":{"self":[{"href":"https:\/\/lyceejeanracine.fr\/wdps\/index.php\/wp-json\/wp\/v2\/posts\/2436"}],"collection":[{"href":"https:\/\/lyceejeanracine.fr\/wdps\/index.php\/wp-json\/wp\/v2\/posts"}],"about":[{"href":"https:\/\/lyceejeanracine.fr\/wdps\/index.php\/wp-json\/wp\/v2\/types\/post"}],"author":[{"embeddable":true,"href":"https:\/\/lyceejeanracine.fr\/wdps\/index.php\/wp-json\/wp\/v2\/users\/1"}],"replies":[{"embeddable":true,"href":"https:\/\/lyceejeanracine.fr\/wdps\/index.php\/wp-json\/wp\/v2\/comments?post=2436"}],"version-history":[{"count":1,"href":"https:\/\/lyceejeanracine.fr\/wdps\/index.php\/wp-json\/wp\/v2\/posts\/2436\/revisions"}],"predecessor-version":[{"id":2438,"href":"https:\/\/lyceejeanracine.fr\/wdps\/index.php\/wp-json\/wp\/v2\/posts\/2436\/revisions\/2438"}],"wp:featuredmedia":[{"embeddable":true,"href":"https:\/\/lyceejeanracine.fr\/wdps\/index.php\/wp-json\/wp\/v2\/media\/2437"}],"wp:attachment":[{"href":"https:\/\/lyceejeanracine.fr\/wdps\/index.php\/wp-json\/wp\/v2\/media?parent=2436"}],"wp:term":[{"taxonomy":"category","embeddable":true,"href":"https:\/\/lyceejeanracine.fr\/wdps\/index.php\/wp-json\/wp\/v2\/categories?post=2436"},{"taxonomy":"post_tag","embeddable":true,"href":"https:\/\/lyceejeanracine.fr\/wdps\/index.php\/wp-json\/wp\/v2\/tags?post=2436"}],"curies":[{"name":"wp","href":"https:\/\/api.w.org\/{rel}","templated":true}]}}