{"id":2466,"date":"2019-01-14T22:12:58","date_gmt":"2019-01-14T21:12:58","guid":{"rendered":"http:\/\/lyceejeanracine.fr\/wdps\/?p=2466"},"modified":"2019-02-11T22:43:14","modified_gmt":"2019-02-11T21:43:14","slug":"bac-blanc","status":"publish","type":"post","link":"https:\/\/lyceejeanracine.fr\/wdps\/index.php\/2019\/01\/14\/bac-blanc\/","title":{"rendered":"Mise \u00e0 jour du calendrier du BAC BLANC"},"content":{"rendered":"<h5><a href=\"https:\/\/lyceejeanracine.fr\/wdps\/wp-content\/uploads\/2019\/01\/bac-blanc.jpg\"><img loading=\"lazy\" decoding=\"async\" class=\"alignleft size-medium wp-image-2467\" src=\"https:\/\/lyceejeanracine.fr\/wdps\/wp-content\/uploads\/2019\/01\/bac-blanc-300x102.jpg\" alt=\"\" width=\"300\" height=\"102\" srcset=\"https:\/\/lyceejeanracine.fr\/wdps\/wp-content\/uploads\/2019\/01\/bac-blanc-300x102.jpg 300w, https:\/\/lyceejeanracine.fr\/wdps\/wp-content\/uploads\/2019\/01\/bac-blanc.jpg 385w\" sizes=\"(max-width: 300px) 100vw, 300px\" \/><\/a>07\/02\/2019 : <strong><a href=\"https:\/\/lyceejeanracine.fr\/wdps\/wp-content\/uploads\/2019\/01\/bac_blanc_3.pdf\" target=\"_blank\" rel=\"noopener\">Nouvelle version du planning du BAC BLANC<\/a><\/strong><\/h5>\n<p><!--more--><\/p>\n<p><strong><a href=\"https:\/\/lyceejeanracine.fr\/wdps\/wp-content\/uploads\/2019\/01\/bac_blanc_3.pdf\">Nouvelle version du planning du BAC BLANC<\/a><\/strong><\/p>\n<h5><span style=\"color: #000000;\">Lors des \u00e9preuves du bac blanc, les \u00e9l\u00e8ves auront cours vendredi 01 f\u00e9vrier apr\u00e8s-midi, mercredi 06 f\u00e9vrier (sauf ceux passant la certification en anglais), jeudi 07 f\u00e9vrier apr\u00e8s midi (sauf les STMG) et vendredi 08 f\u00e9vrier la journ\u00e9e pour les terminales ES et STI2D et vendredi 08 f\u00e9vrier apr\u00e8s-midi pour les terminales S et STMG.<br \/>\nLes cours sont annul\u00e9s lors des \u00e9preuves.( Exemple: si l&rsquo;\u00e9preuve se termine \u00e0 12h et qu&rsquo;il y a cours \u00e0 13h celui-ci est annul\u00e9).<\/span><\/h5>\n","protected":false},"excerpt":{"rendered":"<p><a href=\"https:\/\/lyceejeanracine.fr\/wdps\/wp-content\/uploads\/2019\/01\/bac-blanc.jpg\"><\/a>07\/02\/2019 : <strong><a href=\"https:\/\/lyceejeanracine.fr\/wdps\/wp-content\/uploads\/2019\/01\/bac_blanc_3.pdf\" target=\"_blank\" rel=\"noopener\">Nouvelle version du planning du BAC BLANC<\/a><\/strong><\/p><p><a class=\"more-link btn\" href=\"https:\/\/lyceejeanracine.fr\/wdps\/index.php\/2019\/01\/14\/bac-blanc\/\">Lire la suite<\/a><\/p>\n","protected":false},"author":1,"featured_media":2467,"comment_status":"open","ping_status":"open","sticky":false,"template":"","format":"standard","meta":{"ngg_post_thumbnail":0,"footnotes":""},"categories":[7,4],"tags":[],"post_mailing_queue_ids":[],"_links":{"self":[{"href":"https:\/\/lyceejeanracine.fr\/wdps\/index.php\/wp-json\/wp\/v2\/posts\/2466"}],"collection":[{"href":"https:\/\/lyceejeanracine.fr\/wdps\/index.php\/wp-json\/wp\/v2\/posts"}],"about":[{"href":"https:\/\/lyceejeanracine.fr\/wdps\/index.php\/wp-json\/wp\/v2\/types\/post"}],"author":[{"embeddable":true,"href":"https:\/\/lyceejeanracine.fr\/wdps\/index.php\/wp-json\/wp\/v2\/users\/1"}],"replies":[{"embeddable":true,"href":"https:\/\/lyceejeanracine.fr\/wdps\/index.php\/wp-json\/wp\/v2\/comments?post=2466"}],"version-history":[{"count":6,"href":"https:\/\/lyceejeanracine.fr\/wdps\/index.php\/wp-json\/wp\/v2\/posts\/2466\/revisions"}],"predecessor-version":[{"id":2562,"href":"https:\/\/lyceejeanracine.fr\/wdps\/index.php\/wp-json\/wp\/v2\/posts\/2466\/revisions\/2562"}],"wp:featuredmedia":[{"embeddable":true,"href":"https:\/\/lyceejeanracine.fr\/wdps\/index.php\/wp-json\/wp\/v2\/media\/2467"}],"wp:attachment":[{"href":"https:\/\/lyceejeanracine.fr\/wdps\/index.php\/wp-json\/wp\/v2\/media?parent=2466"}],"wp:term":[{"taxonomy":"category","embeddable":true,"href":"https:\/\/lyceejeanracine.fr\/wdps\/index.php\/wp-json\/wp\/v2\/categories?post=2466"},{"taxonomy":"post_tag","embeddable":true,"href":"https:\/\/lyceejeanracine.fr\/wdps\/index.php\/wp-json\/wp\/v2\/tags?post=2466"}],"curies":[{"name":"wp","href":"https:\/\/api.w.org\/{rel}","templated":true}]}}