{"id":335,"date":"2017-09-08T23:12:21","date_gmt":"2017-09-08T21:12:21","guid":{"rendered":"http:\/\/lyceejeanracine.fr\/wdps\/?p=335"},"modified":"2017-09-08T23:15:20","modified_gmt":"2017-09-08T21:15:20","slug":"reportage-france3","status":"publish","type":"post","link":"https:\/\/lyceejeanracine.fr\/wdps\/index.php\/2017\/09\/08\/reportage-france3\/","title":{"rendered":"Reportage France3"},"content":{"rendered":"<h1 class=\"title-lg text-center text-medium\"><img loading=\"lazy\" decoding=\"async\" class=\"alignnone \" src=\"http:\/\/france3-regions.francetvinfo.fr\/hauts-de-france\/sites\/regions_france3\/files\/styles\/top_big\/public\/assets\/images\/2017\/09\/08\/cantine_5-3250453.jpg?itok=nvU9qfhG\" width=\"410\" height=\"231\" \/><\/h1>\n<h1 class=\"title-lg text-center text-medium\">Montdidier (Somme) : apr\u00e8s l&rsquo;incendie de leur cantine, les coll\u00e9giens accueillis au lyc\u00e9e voisin.<\/h1>\n<p><!--more--><\/p>\n<h3><strong><a href=\"http:\/\/france3-regions.francetvinfo.fr\/hauts-de-france\/somme\/montdidier-somme-apres-incendie-leur-cantine-collegienss-accueillis-au-lycee-voisin-1324303.html\" target=\"_blank\" rel=\"noopener\">Un reportage de France3 Picardie sur la restauration commune entre le coll\u00e8ge Parmentier et le lyc\u00e9e. Cliquez ici<\/a><\/strong><\/h3>\n","protected":false},"excerpt":{"rendered":"<h1 class=\"title-lg text-center text-medium\"><\/h1>\n<h1 class=\"title-lg text-center text-medium\">Montdidier (Somme) : apr\u00e8s l&rsquo;incendie de leur cantine, les coll\u00e9giens accueillis au lyc\u00e9e voisin.<\/h1>\n","protected":false},"author":1,"featured_media":338,"comment_status":"open","ping_status":"open","sticky":false,"template":"","format":"standard","meta":{"ngg_post_thumbnail":0,"footnotes":""},"categories":[19,18,7],"tags":[],"post_mailing_queue_ids":[],"_links":{"self":[{"href":"https:\/\/lyceejeanracine.fr\/wdps\/index.php\/wp-json\/wp\/v2\/posts\/335"}],"collection":[{"href":"https:\/\/lyceejeanracine.fr\/wdps\/index.php\/wp-json\/wp\/v2\/posts"}],"about":[{"href":"https:\/\/lyceejeanracine.fr\/wdps\/index.php\/wp-json\/wp\/v2\/types\/post"}],"author":[{"embeddable":true,"href":"https:\/\/lyceejeanracine.fr\/wdps\/index.php\/wp-json\/wp\/v2\/users\/1"}],"replies":[{"embeddable":true,"href":"https:\/\/lyceejeanracine.fr\/wdps\/index.php\/wp-json\/wp\/v2\/comments?post=335"}],"version-history":[{"count":3,"href":"https:\/\/lyceejeanracine.fr\/wdps\/index.php\/wp-json\/wp\/v2\/posts\/335\/revisions"}],"predecessor-version":[{"id":339,"href":"https:\/\/lyceejeanracine.fr\/wdps\/index.php\/wp-json\/wp\/v2\/posts\/335\/revisions\/339"}],"wp:featuredmedia":[{"embeddable":true,"href":"https:\/\/lyceejeanracine.fr\/wdps\/index.php\/wp-json\/wp\/v2\/media\/338"}],"wp:attachment":[{"href":"https:\/\/lyceejeanracine.fr\/wdps\/index.php\/wp-json\/wp\/v2\/media?parent=335"}],"wp:term":[{"taxonomy":"category","embeddable":true,"href":"https:\/\/lyceejeanracine.fr\/wdps\/index.php\/wp-json\/wp\/v2\/categories?post=335"},{"taxonomy":"post_tag","embeddable":true,"href":"https:\/\/lyceejeanracine.fr\/wdps\/index.php\/wp-json\/wp\/v2\/tags?post=335"}],"curies":[{"name":"wp","href":"https:\/\/api.w.org\/{rel}","templated":true}]}}