{"id":3719,"date":"2020-01-23T19:46:10","date_gmt":"2020-01-23T18:46:10","guid":{"rendered":"http:\/\/lyceejeanracine.fr\/wdps\/?p=3719"},"modified":"2020-01-23T19:47:34","modified_gmt":"2020-01-23T18:47:34","slug":"rencontre-avec-un-professionnel-du-cinema","status":"publish","type":"post","link":"https:\/\/lyceejeanracine.fr\/wdps\/index.php\/2020\/01\/23\/rencontre-avec-un-professionnel-du-cinema\/","title":{"rendered":"Rencontre avec un professionnel du cin\u00e9ma"},"content":{"rendered":"<p><a href=\"https:\/\/lyceejeanracine.fr\/wdps\/wp-content\/uploads\/2020\/01\/20200117_102237-e1579805100284.jpg\"><img loading=\"lazy\" decoding=\"async\" class=\"alignleft size-medium wp-image-3720\" src=\"https:\/\/lyceejeanracine.fr\/wdps\/wp-content\/uploads\/2020\/01\/20200117_102237-e1579805100284-225x300.jpg\" alt=\"\" width=\"225\" height=\"300\" srcset=\"https:\/\/lyceejeanracine.fr\/wdps\/wp-content\/uploads\/2020\/01\/20200117_102237-e1579805100284-225x300.jpg 225w, https:\/\/lyceejeanracine.fr\/wdps\/wp-content\/uploads\/2020\/01\/20200117_102237-e1579805100284-768x1024.jpg 768w\" sizes=\"(max-width: 225px) 100vw, 225px\" \/><\/a>Dans le cadre du dispositif \u00ab\u00a0Lyc\u00e9ens et apprentis au cin\u00e9ma\u00a0\u00bb et du cours de fran\u00e7ais, les \u00e9l\u00e8ves de la 2nde 8 ont rencontr\u00e9 un professionnel du cin\u00e9ma, Thomas Faverjon, ce vendredi 17 Janvier au lyc\u00e9e : des \u00e9tapes de la cr\u00e9ation d&rsquo;un film \u00e0 la question de l&rsquo;ombre et \u00e0 la lumi\u00e8re, les \u00e9l\u00e8ves ont b\u00e9n\u00e9fici\u00e9 d&rsquo;une intervention abordant la question cin\u00e9matographique sous un angle des plus enrichissants !<!--more--><\/p>\n<p><a href=\"https:\/\/lyceejeanracine.fr\/wdps\/wp-content\/uploads\/2020\/01\/20200117_102651-e1579805132937.jpg\"><img loading=\"lazy\" decoding=\"async\" class=\"alignleft size-medium wp-image-3722\" src=\"https:\/\/lyceejeanracine.fr\/wdps\/wp-content\/uploads\/2020\/01\/20200117_102651-e1579805132937-225x300.jpg\" alt=\"\" width=\"225\" height=\"300\" srcset=\"https:\/\/lyceejeanracine.fr\/wdps\/wp-content\/uploads\/2020\/01\/20200117_102651-e1579805132937-225x300.jpg 225w, https:\/\/lyceejeanracine.fr\/wdps\/wp-content\/uploads\/2020\/01\/20200117_102651-e1579805132937-768x1024.jpg 768w\" sizes=\"(max-width: 225px) 100vw, 225px\" \/><\/a> <a href=\"https:\/\/lyceejeanracine.fr\/wdps\/wp-content\/uploads\/2020\/01\/20200117_102209.jpg\"><img loading=\"lazy\" decoding=\"async\" class=\"alignleft size-medium wp-image-3721\" src=\"https:\/\/lyceejeanracine.fr\/wdps\/wp-content\/uploads\/2020\/01\/20200117_102209-300x225.jpg\" alt=\"\" width=\"300\" height=\"225\" srcset=\"https:\/\/lyceejeanracine.fr\/wdps\/wp-content\/uploads\/2020\/01\/20200117_102209-300x225.jpg 300w, https:\/\/lyceejeanracine.fr\/wdps\/wp-content\/uploads\/2020\/01\/20200117_102209-768x576.jpg 768w, https:\/\/lyceejeanracine.fr\/wdps\/wp-content\/uploads\/2020\/01\/20200117_102209-1024x768.jpg 1024w\" sizes=\"(max-width: 300px) 100vw, 300px\" \/><\/a> <a href=\"https:\/\/lyceejeanracine.fr\/wdps\/wp-content\/uploads\/2020\/01\/20200117_102237-e1579805100284.jpg\"><img loading=\"lazy\" decoding=\"async\" class=\"alignleft size-medium wp-image-3720\" src=\"https:\/\/lyceejeanracine.fr\/wdps\/wp-content\/uploads\/2020\/01\/20200117_102237-e1579805100284-225x300.jpg\" alt=\"\" width=\"225\" height=\"300\" srcset=\"https:\/\/lyceejeanracine.fr\/wdps\/wp-content\/uploads\/2020\/01\/20200117_102237-e1579805100284-225x300.jpg 225w, https:\/\/lyceejeanracine.fr\/wdps\/wp-content\/uploads\/2020\/01\/20200117_102237-e1579805100284-768x1024.jpg 768w\" sizes=\"(max-width: 225px) 100vw, 225px\" \/><\/a><\/p>\n","protected":false},"excerpt":{"rendered":"<p><a href=\"https:\/\/lyceejeanracine.fr\/wdps\/wp-content\/uploads\/2020\/01\/20200117_102237-e1579805100284.jpg\"><\/a>Dans le cadre du dispositif \u00ab\u00a0Lyc\u00e9ens et apprentis au cin\u00e9ma\u00a0\u00bb et du cours de fran\u00e7ais, les \u00e9l\u00e8ves de la 2nde 8 ont rencontr\u00e9 un professionnel du cin\u00e9ma, Thomas Faverjon, ce vendredi 17 Janvier au lyc\u00e9e : des \u00e9tapes de la cr\u00e9ation d&rsquo;un film \u00e0 la question de l&rsquo;ombre et \u00e0 la lumi\u00e8re, les \u00e9l\u00e8ves &hellip; <\/p>\n<p><a class=\"more-link btn\" href=\"https:\/\/lyceejeanracine.fr\/wdps\/index.php\/2020\/01\/23\/rencontre-avec-un-professionnel-du-cinema\/\">Lire la suite<\/a><\/p>\n","protected":false},"author":1,"featured_media":0,"comment_status":"open","ping_status":"open","sticky":false,"template":"","format":"standard","meta":{"ngg_post_thumbnail":0,"footnotes":""},"categories":[25,7],"tags":[],"post_mailing_queue_ids":[],"_links":{"self":[{"href":"https:\/\/lyceejeanracine.fr\/wdps\/index.php\/wp-json\/wp\/v2\/posts\/3719"}],"collection":[{"href":"https:\/\/lyceejeanracine.fr\/wdps\/index.php\/wp-json\/wp\/v2\/posts"}],"about":[{"href":"https:\/\/lyceejeanracine.fr\/wdps\/index.php\/wp-json\/wp\/v2\/types\/post"}],"author":[{"embeddable":true,"href":"https:\/\/lyceejeanracine.fr\/wdps\/index.php\/wp-json\/wp\/v2\/users\/1"}],"replies":[{"embeddable":true,"href":"https:\/\/lyceejeanracine.fr\/wdps\/index.php\/wp-json\/wp\/v2\/comments?post=3719"}],"version-history":[{"count":1,"href":"https:\/\/lyceejeanracine.fr\/wdps\/index.php\/wp-json\/wp\/v2\/posts\/3719\/revisions"}],"predecessor-version":[{"id":3723,"href":"https:\/\/lyceejeanracine.fr\/wdps\/index.php\/wp-json\/wp\/v2\/posts\/3719\/revisions\/3723"}],"wp:attachment":[{"href":"https:\/\/lyceejeanracine.fr\/wdps\/index.php\/wp-json\/wp\/v2\/media?parent=3719"}],"wp:term":[{"taxonomy":"category","embeddable":true,"href":"https:\/\/lyceejeanracine.fr\/wdps\/index.php\/wp-json\/wp\/v2\/categories?post=3719"},{"taxonomy":"post_tag","embeddable":true,"href":"https:\/\/lyceejeanracine.fr\/wdps\/index.php\/wp-json\/wp\/v2\/tags?post=3719"}],"curies":[{"name":"wp","href":"https:\/\/api.w.org\/{rel}","templated":true}]}}