{"id":3951,"date":"2020-04-20T19:20:01","date_gmt":"2020-04-20T17:20:01","guid":{"rendered":"http:\/\/lyceejeanracine.fr\/wdps\/?p=3951"},"modified":"2020-05-06T12:26:22","modified_gmt":"2020-05-06T10:26:22","slug":"acteurs-de-son-territoire-pendant-la-crise-du-covid-19","status":"publish","type":"post","link":"https:\/\/lyceejeanracine.fr\/wdps\/index.php\/2020\/04\/20\/acteurs-de-son-territoire-pendant-la-crise-du-covid-19\/","title":{"rendered":"Acteur de son territoire pendant la crise du COVID 19"},"content":{"rendered":"<p><a href=\"https:\/\/lyceejeanracine.fr\/wdps\/wp-content\/uploads\/2017\/06\/jracine_carre.jpg\"><img loading=\"lazy\" decoding=\"async\" class=\"alignleft wp-image-30\" src=\"https:\/\/lyceejeanracine.fr\/wdps\/wp-content\/uploads\/2017\/06\/jracine_carre-150x150.jpg\" alt=\"\" width=\"74\" height=\"74\" srcset=\"https:\/\/lyceejeanracine.fr\/wdps\/wp-content\/uploads\/2017\/06\/jracine_carre-150x150.jpg 150w, https:\/\/lyceejeanracine.fr\/wdps\/wp-content\/uploads\/2017\/06\/jracine_carre.jpg 180w\" sizes=\"(max-width: 74px) 100vw, 74px\" \/><\/a><\/p>\n<p>Depuis le d\u00e9but de la crise du COVID19, le lyc\u00e9e Jean Racine s\u2019est efforc\u00e9 d\u2019\u00eatre au mieu aux c\u00f4t\u00e9s de ses personnels soignants, renfor\u00e7ant ainsi sa position d\u2019acteur du territoire de Montdidier.<br \/>\n<span style=\"text-decoration: underline;\"><strong>Ainsi le lyc\u00e9e a donn\u00e9 depuis le d\u00e9but du confinement&nbsp;:<\/strong><\/span><\/p>\n<ul>\n<li><strong>400 tabliers blancs jetables,<\/strong><\/li>\n<li><strong>3900 paires de gants jetables,<\/strong><\/li>\n<li><b>900 paires de sur chaussures&nbsp;jetables,<\/b><\/li>\n<li><strong>400 charlottes \u00e0 visi\u00e8res<\/strong><\/li>\n<li><strong>400 paires de manchettes jetables.<\/strong><\/li>\n<\/ul>\n<p>&nbsp;<\/p>\n<p>Ces dons ont \u00e9t\u00e9 effectu\u00e9s essentiellement au centre hospitalier de Montdidier et \u00e0 la Maison de Sant\u00e9 de l\u2019Avre \u00e0 Trois-Rivi\u00e8res, mais aussi \u00e0 des personnels soignants lib\u00e9raux du territoire.<\/p>\n<p>Depuis maintenant deux semaines, nous fabriquons \u00e9galement <span style=\"text-decoration: underline;\"><strong>des visi\u00e8res de protection<\/strong><\/span> qui ont \u00e9t\u00e9 fournies gracieusement \u00e9galement aux personnels la sant\u00e9, mais aussi aux commer\u00e7ants, entreprises, ind\u00e9pendants et collectivit\u00e9s locales afin que chacun puisse travailler dans de bonnes conditions de s\u00e9curit\u00e9 et se sentir rassur\u00e9.<\/p>\n<p><span style=\"text-decoration: underline;\"><strong>Le lyc\u00e9e fabrique deux mod\u00e8les de visi\u00e8res&nbsp;:<\/strong><\/span><\/p>\n<ul>\n<li><strong>L\u2019un par l\u2019impression 3D via des imprimantes,<\/strong><\/li>\n<li><strong>L\u2019un par d\u00e9coupe laser.<\/strong><\/li>\n<\/ul>\n<p><a href=\"https:\/\/lyceejeanracine.fr\/wdps\/wp-content\/uploads\/2020\/04\/confi2.jpg\"><img loading=\"lazy\" decoding=\"async\" class=\"alignleft size-thumbnail wp-image-3946\" src=\"https:\/\/lyceejeanracine.fr\/wdps\/wp-content\/uploads\/2020\/04\/confi2-100x100.jpg\" alt=\"\" width=\"100\" height=\"100\"><\/a> <a href=\"https:\/\/lyceejeanracine.fr\/wdps\/wp-content\/uploads\/2020\/04\/IMG_20200409_170010-e1587389623766.jpg\"><img loading=\"lazy\" decoding=\"async\" class=\"alignleft size-thumbnail wp-image-3949\" src=\"https:\/\/lyceejeanracine.fr\/wdps\/wp-content\/uploads\/2020\/04\/IMG_20200409_170010-e1587389623766-100x100.jpg\" alt=\"\" width=\"100\" height=\"100\"><\/a> <a href=\"https:\/\/lyceejeanracine.fr\/wdps\/wp-content\/uploads\/2020\/04\/img_20200415_1557284669337825562255476.jpg\"><img loading=\"lazy\" decoding=\"async\" class=\"alignleft size-thumbnail wp-image-3939\" src=\"https:\/\/lyceejeanracine.fr\/wdps\/wp-content\/uploads\/2020\/04\/img_20200415_1557284669337825562255476-100x100.jpg\" alt=\"\" width=\"100\" height=\"100\"><\/a><br \/>\nLes imprimantes 3D et la d\u00e9coupeuse laser sont des \u00e9quipements utilis\u00e9s habituellement par les \u00e9l\u00e8ves des fili\u00e8re STI2D, sciences de l\u2019ing\u00e9nieurs, bac pro MEI et leurs enseignants.<\/p>\n<p>Notre production est forc\u00e9ment limit\u00e9e car ce ne sont pas des process industriels et parce que nous sommes aussi parfois \u00e0 cours de mati\u00e8res premi\u00e8res. Des commandes sont en cours et devraient arriv\u00e9es prochainement et nous permettre de continuer notre production. A ce jour, environ 300 visi\u00e8res ont d\u00e9j\u00e0 \u00e9t\u00e9 distribu\u00e9es gracieusement.<\/p>\n<p>Je remercie tout particuli\u00e8rement les personnels du lyc\u00e9e investis dans la conception, production, assemblage et distribution des visi\u00e8res. Je voulais aussi souligner l\u2019esprit de r\u00e9seau qui s\u2019est install\u00e9 puisqu\u2019une partie des mati\u00e8res premi\u00e8res ont \u00e9t\u00e9 \u00e9galement fournies par<strong> les coll\u00e8ges B\u00e9ranger de P\u00e9ronne, Louise Michel de Roye et Parmentier de Montdidier.<\/strong><\/p>\n<p>Laurent Martinel<br \/>\nProviseur<\/p>\n<p style=\"text-align: center;\"><em><span style=\"text-decoration: underline;\">R\u00e9capitulatif pour les 300 visi\u00e8res :&nbsp;<\/span><br \/>\nEHPAD Corbie, EHPAD Beaulieu les fontaines, h\u00f4pital&nbsp;de Montdidier,&nbsp; SSR Montdidier, Cabinets infirmiers, mairie de Rosi\u00e8res, Hopital de Fitjames, commer\u00e7ants locaux, Docteurs, mairie de Montdidier, Cesap, ADMR, Pharmacies, Aide \u00e0 domicile, commune des 3 rivi\u00e8res, urgences de l&rsquo;h\u00f4pital de Montdidier, &#8230;<\/em><\/p>\n","protected":false},"excerpt":{"rendered":"<p><a href=\"https:\/\/lyceejeanracine.fr\/wdps\/wp-content\/uploads\/2017\/06\/jracine_carre.jpg\"><\/a><\/p>\n<p>Depuis le d\u00e9but de la crise du COVID19, le lyc\u00e9e Jean Racine s\u2019est efforc\u00e9 d\u2019\u00eatre au mieu aux c\u00f4t\u00e9s de ses personnels soignants, renfor\u00e7ant ainsi sa position d\u2019acteur du territoire de Montdidier.<br \/> <span style=\"text-decoration: underline;\"><strong>Ainsi le lyc\u00e9e a donn\u00e9 depuis le d\u00e9but du confinement&nbsp;:<\/strong><\/span><\/p>\n<ul>\n<li><strong>400 tabliers blancs jetables,<\/strong><\/li>\n<li><strong>3900 paires de &hellip;\n<p><a class=\"more-link btn\" href=\"https:\/\/lyceejeanracine.fr\/wdps\/index.php\/2020\/04\/20\/acteurs-de-son-territoire-pendant-la-crise-du-covid-19\/\">Lire la suite<\/a><\/p>\n<p><\/strong><\/li>\n<\/ul>\n","protected":false},"author":1,"featured_media":3936,"comment_status":"open","ping_status":"open","sticky":false,"template":"","format":"standard","meta":{"ngg_post_thumbnail":0,"footnotes":""},"categories":[7,4],"tags":[],"post_mailing_queue_ids":[],"_links":{"self":[{"href":"https:\/\/lyceejeanracine.fr\/wdps\/index.php\/wp-json\/wp\/v2\/posts\/3951"}],"collection":[{"href":"https:\/\/lyceejeanracine.fr\/wdps\/index.php\/wp-json\/wp\/v2\/posts"}],"about":[{"href":"https:\/\/lyceejeanracine.fr\/wdps\/index.php\/wp-json\/wp\/v2\/types\/post"}],"author":[{"embeddable":true,"href":"https:\/\/lyceejeanracine.fr\/wdps\/index.php\/wp-json\/wp\/v2\/users\/1"}],"replies":[{"embeddable":true,"href":"https:\/\/lyceejeanracine.fr\/wdps\/index.php\/wp-json\/wp\/v2\/comments?post=3951"}],"version-history":[{"count":3,"href":"https:\/\/lyceejeanracine.fr\/wdps\/index.php\/wp-json\/wp\/v2\/posts\/3951\/revisions"}],"predecessor-version":[{"id":3954,"href":"https:\/\/lyceejeanracine.fr\/wdps\/index.php\/wp-json\/wp\/v2\/posts\/3951\/revisions\/3954"}],"wp:featuredmedia":[{"embeddable":true,"href":"https:\/\/lyceejeanracine.fr\/wdps\/index.php\/wp-json\/wp\/v2\/media\/3936"}],"wp:attachment":[{"href":"https:\/\/lyceejeanracine.fr\/wdps\/index.php\/wp-json\/wp\/v2\/media?parent=3951"}],"wp:term":[{"taxonomy":"category","embeddable":true,"href":"https:\/\/lyceejeanracine.fr\/wdps\/index.php\/wp-json\/wp\/v2\/categories?post=3951"},{"taxonomy":"post_tag","embeddable":true,"href":"https:\/\/lyceejeanracine.fr\/wdps\/index.php\/wp-json\/wp\/v2\/tags?post=3951"}],"curies":[{"name":"wp","href":"https:\/\/api.w.org\/{rel}","templated":true}]}}