{"id":3958,"date":"2020-04-26T23:10:57","date_gmt":"2020-04-26T21:10:57","guid":{"rendered":"http:\/\/lyceejeanracine.fr\/wdps\/?p=3958"},"modified":"2020-05-03T18:18:49","modified_gmt":"2020-05-03T16:18:49","slug":"organisation-de-la-continuite-pedagogique-5","status":"publish","type":"post","link":"https:\/\/lyceejeanracine.fr\/wdps\/index.php\/2020\/04\/26\/organisation-de-la-continuite-pedagogique-5\/","title":{"rendered":"Organisation de la continuit\u00e9 p\u00e9dagogique"},"content":{"rendered":"<p><strong><a href=\"https:\/\/lyceejeanracine.fr\/wdps\/wp-content\/uploads\/2020\/02\/Map_symbol_info_point_02.png\"><img loading=\"lazy\" decoding=\"async\" class=\"alignleft size-thumbnail wp-image-3813\" src=\"https:\/\/lyceejeanracine.fr\/wdps\/wp-content\/uploads\/2020\/02\/Map_symbol_info_point_02-100x100.png\" alt=\"\" width=\"100\" height=\"100\" srcset=\"https:\/\/lyceejeanracine.fr\/wdps\/wp-content\/uploads\/2020\/02\/Map_symbol_info_point_02-100x100.png 100w, https:\/\/lyceejeanracine.fr\/wdps\/wp-content\/uploads\/2020\/02\/Map_symbol_info_point_02-300x300.png 300w, https:\/\/lyceejeanracine.fr\/wdps\/wp-content\/uploads\/2020\/02\/Map_symbol_info_point_02.png 440w\" sizes=\"(max-width: 100px) 100vw, 100px\" \/><\/a>Reprise des cours \u00e0 distance et reprise des cours le 18 mai 2020<\/strong><\/p>\n<p><strong>(Version du dimanche 26 avril 2020)<\/strong><\/p>\n<p>Mmes et MM. Les parents d\u2019\u00e9l\u00e8ves,<br \/>\nMmes et MM. Les \u00e9l\u00e8ves,<\/p>\n<p>Apr\u00e8s ces cong\u00e9s de printemps, l\u2019heure de la reprise a sonn\u00e9. Comme vous l\u2019avez compris en suivant l\u2019actualit\u00e9, celle-ci se fera normalement en deux temps.<\/p>\n<p><strong><u>Dans un premier temps<\/u><\/strong>, la reprise des cours se fera sous le signe de la continuit\u00e9 p\u00e9dagogique et des cours \u00e0 distance. Vous avez pris vos habitudes avec cette forme d\u2019enseignement et d\u00e9velopp\u00e9 des fa\u00e7ons de fonctionner avec chacun de vos enseignants. Nous maintenons les am\u00e9nagements d&rsquo;EDT effectu\u00e9s avant les vacances. Ils sont mis en place dans pronote pour les 3 prochaines semaines. Je vous rappelle que Pronote reste l\u2019outil privil\u00e9gi\u00e9 de fonctionnement et que vous pouvez soit vous y connecter directement (tuto sur le site du lyc\u00e9e) soit par l\u2019ENT.<\/p>\n<p><strong><u>Dans un second temps<\/u><\/strong>, un calendrier de reprise des cours en pr\u00e9sentiel est envisag\u00e9 selon les \u00e9ch\u00e9ances suivantes&nbsp;:<\/p>\n<ul>\n<li>semaine du 11\/05 : consacr\u00e9e \u00e0 la pr\u00e9 rentr\u00e9e des personnels,<\/li>\n<li>semaine du 18\/05 : classes de 1\u00e8re et term et 2\u00e8me ann\u00e9e de CAP,<\/li>\n<li>semaine du 25\/05 : Classes de 2de, 1\u00e8re ann\u00e9e de CAP et les BTS.<\/li>\n<\/ul>\n<p>Les enseignements ne se feront pas en classes compl\u00e8tes, mais en groupe restreints, avec sans doute pour les \u00e9l\u00e8ves des journ\u00e9es de cours en pr\u00e9sentiel et d\u2019autres \u00e0 distance, selon une alternance \u00e0 d\u00e9finir.<\/p>\n<p>Des annonces devraient \u00eatre faites en ce d\u00e9but de semaine sur les modalit\u00e9s de reprises pour les \u00e9l\u00e8ves \u00e0 compter du 18\/05. Elles seront \u00e0 d\u00e9cliner au niveau du lyc\u00e9e Jean Racine. Mes \u00e9quipes et moi avons commencer \u00e0 travailler sur l\u2019organisation \u00e0 venir. Elles vous seront communiqu\u00e9es au fur et \u00e0 mesure dans les deux semaines \u00e0 venir et sur diff\u00e9rents points&nbsp;:<\/p>\n<ul>\n<li>quels cours, selon quels emploi du temps et alternance&nbsp;?<\/li>\n<li>fonctionnement du service de restauration et de l\u2019internat,<\/li>\n<li>et bien s\u00fbr, point primordial, le respect des conditions sanitaires de reprise et la s\u00e9curit\u00e9 de chacun.<\/li>\n<\/ul>\n<p>&nbsp;<\/p>\n<p>Le mardi 5\/05, je compte r\u00e9unir un CA consacr\u00e9 aux conditions de reprise et \u00e0 l&rsquo;organisation envisag\u00e9e. Il est pour le moment fix\u00e9 \u00e0 15 h, salle Simone Veil, en respectant les conditions de s\u00e9curit\u00e9. Je veux que nous soyons en mesure de prendre des d\u00e9cisions partag\u00e9es. Ce CA sera \u00e9largi aux membres de la CHS. Le compte rendu sera diffus\u00e9 \u00e0 tous.<\/p>\n<p>Par ailleurs, sur la question du savon, gel et masques, nous travaillons pour que ces produits soient disponibles, en quantit\u00e9. Pour les masques, c&rsquo;est compliqu\u00e9, mais nous essayons. L&rsquo;id\u00e9e est d&rsquo;\u00e9quiper les \u00e9l\u00e8ves et les personnels.<\/p>\n<p><span style=\"color: #0000ff;\"><strong>Je compte sur chacun d\u2019entre vous pour \u00eatre au rendez-vous de cette reprise et d\u2019\u00eatre assidu pour suivre les enseignements et faire le travail demand\u00e9. Outre les enjeux d\u2019examen, il s\u2019agit surtout pour vous de continuer \u00e0 acqu\u00e9rir les comp\u00e9tences et connaissances qui vous seront utiles pour votre scolarit\u00e9 ou vos \u00e9tudes l\u2019ann\u00e9e prochaine ou pour votre insertion professionnelle.<\/strong><\/span><\/p>\n<p>Bien cordialement \u00e0 tous,<\/p>\n<p>Laurent Martinel<br \/>\nProviseur<\/p>\n","protected":false},"excerpt":{"rendered":"<p><strong><a href=\"https:\/\/lyceejeanracine.fr\/wdps\/wp-content\/uploads\/2020\/02\/Map_symbol_info_point_02.png\"><\/a>Reprise des cours \u00e0 distance et reprise des cours le 18 mai 2020<\/strong><\/p>\n<p><strong>(Version du dimanche 26 avril 2020)<\/strong><\/p>\n<p>Mmes et MM. Les parents d\u2019\u00e9l\u00e8ves,<br \/> Mmes et MM. Les \u00e9l\u00e8ves,<\/p>\n<p>Apr\u00e8s ces cong\u00e9s de printemps, l\u2019heure de la reprise a sonn\u00e9. Comme vous l\u2019avez compris en suivant l\u2019actualit\u00e9, celle-ci se fera normalement en &hellip; <\/p>\n<p><a class=\"more-link btn\" href=\"https:\/\/lyceejeanracine.fr\/wdps\/index.php\/2020\/04\/26\/organisation-de-la-continuite-pedagogique-5\/\">Lire la suite<\/a><\/p>\n","protected":false},"author":1,"featured_media":3813,"comment_status":"open","ping_status":"open","sticky":false,"template":"","format":"standard","meta":{"ngg_post_thumbnail":0,"footnotes":""},"categories":[7,4],"tags":[],"post_mailing_queue_ids":[],"_links":{"self":[{"href":"https:\/\/lyceejeanracine.fr\/wdps\/index.php\/wp-json\/wp\/v2\/posts\/3958"}],"collection":[{"href":"https:\/\/lyceejeanracine.fr\/wdps\/index.php\/wp-json\/wp\/v2\/posts"}],"about":[{"href":"https:\/\/lyceejeanracine.fr\/wdps\/index.php\/wp-json\/wp\/v2\/types\/post"}],"author":[{"embeddable":true,"href":"https:\/\/lyceejeanracine.fr\/wdps\/index.php\/wp-json\/wp\/v2\/users\/1"}],"replies":[{"embeddable":true,"href":"https:\/\/lyceejeanracine.fr\/wdps\/index.php\/wp-json\/wp\/v2\/comments?post=3958"}],"version-history":[{"count":1,"href":"https:\/\/lyceejeanracine.fr\/wdps\/index.php\/wp-json\/wp\/v2\/posts\/3958\/revisions"}],"predecessor-version":[{"id":3959,"href":"https:\/\/lyceejeanracine.fr\/wdps\/index.php\/wp-json\/wp\/v2\/posts\/3958\/revisions\/3959"}],"wp:featuredmedia":[{"embeddable":true,"href":"https:\/\/lyceejeanracine.fr\/wdps\/index.php\/wp-json\/wp\/v2\/media\/3813"}],"wp:attachment":[{"href":"https:\/\/lyceejeanracine.fr\/wdps\/index.php\/wp-json\/wp\/v2\/media?parent=3958"}],"wp:term":[{"taxonomy":"category","embeddable":true,"href":"https:\/\/lyceejeanracine.fr\/wdps\/index.php\/wp-json\/wp\/v2\/categories?post=3958"},{"taxonomy":"post_tag","embeddable":true,"href":"https:\/\/lyceejeanracine.fr\/wdps\/index.php\/wp-json\/wp\/v2\/tags?post=3958"}],"curies":[{"name":"wp","href":"https:\/\/api.w.org\/{rel}","templated":true}]}}