{"id":4066,"date":"2020-06-19T15:29:44","date_gmt":"2020-06-19T13:29:44","guid":{"rendered":"http:\/\/lyceejeanracine.fr\/wdps\/?p=4066"},"modified":"2020-06-19T15:51:43","modified_gmt":"2020-06-19T13:51:43","slug":"les-masques-des-cap-atmfc-video-et-photos","status":"publish","type":"post","link":"https:\/\/lyceejeanracine.fr\/wdps\/index.php\/2020\/06\/19\/les-masques-des-cap-atmfc-video-et-photos\/","title":{"rendered":"LES MASQUES DES CAP ATMFC (Vid\u00e9o et photos)"},"content":{"rendered":"<p><a href=\"https:\/\/lyceejeanracine.fr\/wdps\/wp-content\/uploads\/2020\/06\/82976778_2520376014959057_3616181593159301752_n.jpg\"><img loading=\"lazy\" decoding=\"async\" class=\"alignleft wp-image-4067 size-medium\" src=\"https:\/\/lyceejeanracine.fr\/wdps\/wp-content\/uploads\/2020\/06\/82976778_2520376014959057_3616181593159301752_n-225x300.jpg\" alt=\"\" width=\"225\" height=\"300\" srcset=\"https:\/\/lyceejeanracine.fr\/wdps\/wp-content\/uploads\/2020\/06\/82976778_2520376014959057_3616181593159301752_n-225x300.jpg 225w, https:\/\/lyceejeanracine.fr\/wdps\/wp-content\/uploads\/2020\/06\/82976778_2520376014959057_3616181593159301752_n.jpg 720w\" sizes=\"(max-width: 225px) 100vw, 225px\" \/><\/a>Suite \u00e0 la crise sanitaire et au port du masque obligatoire au sein du lyc\u00e9e, les \u00e9l\u00e8ves de terminale ATMFC (Assistant(e)s Techniques en Milieu Familial et Collectif)&nbsp; ont r\u00e9alis\u00e9 des masques en tissus lavables lors des \u00ab\u00a0TP linge\u00a0\u00bb avec leur professeur madame D&rsquo;Heret.<br \/>\nMasques personnalis\u00e9s, bien sur !&nbsp;<\/p>\n<p>Bravo et f\u00e9licitations aux \u00e9l\u00e8ves de T ATMFC qui ont, pendant toute cette ann\u00e9e, se sont investi(e)s dans de nombreuses actions humaines et sociales !&nbsp;<\/p>\n<p><!--more--><\/p>\n<div style=\"width: 360px;\" class=\"wp-video\"><!--[if lt IE 9]><script>document.createElement('video');<\/script><![endif]-->\n<video class=\"wp-video-shortcode\" id=\"video-4066-1\" width=\"360\" height=\"640\" preload=\"metadata\" controls=\"controls\"><source type=\"video\/mp4\" src=\"https:\/\/lyceejeanracine.fr\/wdps\/wp-content\/uploads\/2020\/06\/video_masques_cap_atmfc.mp4?_=1\" \/><a href=\"https:\/\/lyceejeanracine.fr\/wdps\/wp-content\/uploads\/2020\/06\/video_masques_cap_atmfc.mp4\">https:\/\/lyceejeanracine.fr\/wdps\/wp-content\/uploads\/2020\/06\/video_masques_cap_atmfc.mp4<\/a><\/video><\/div>\n\n\t\t<style type=\"text\/css\">\n\t\t\t#gallery-1 {\n\t\t\t\tmargin: auto;\n\t\t\t}\n\t\t\t#gallery-1 .gallery-item {\n\t\t\t\tfloat: left;\n\t\t\t\tmargin-top: 10px;\n\t\t\t\ttext-align: center;\n\t\t\t\twidth: 33%;\n\t\t\t}\n\t\t\t#gallery-1 img {\n\t\t\t\tborder: 2px solid #cfcfcf;\n\t\t\t}\n\t\t\t#gallery-1 .gallery-caption {\n\t\t\t\tmargin-left: 0;\n\t\t\t}\n\t\t\t\/* see gallery_shortcode() in wp-includes\/media.php *\/\n\t\t<\/style>\n\t\t<div id='gallery-1' class='gallery galleryid-4066 gallery-columns-3 gallery-size-medium'><dl class='gallery-item'>\n\t\t\t<dt class='gallery-icon portrait'>\n\t\t\t\t<a href='https:\/\/lyceejeanracine.fr\/wdps\/index.php\/2020\/06\/19\/les-masques-des-cap-atmfc-video-et-photos\/82976778_2520376014959057_3616181593159301752_n\/'><img loading=\"lazy\" decoding=\"async\" width=\"225\" height=\"300\" src=\"https:\/\/lyceejeanracine.fr\/wdps\/wp-content\/uploads\/2020\/06\/82976778_2520376014959057_3616181593159301752_n-225x300.jpg\" class=\"attachment-medium size-medium\" alt=\"\" srcset=\"https:\/\/lyceejeanracine.fr\/wdps\/wp-content\/uploads\/2020\/06\/82976778_2520376014959057_3616181593159301752_n-225x300.jpg 225w, https:\/\/lyceejeanracine.fr\/wdps\/wp-content\/uploads\/2020\/06\/82976778_2520376014959057_3616181593159301752_n.jpg 720w\" sizes=\"(max-width: 225px) 100vw, 225px\" \/><\/a>\n\t\t\t<\/dt><\/dl><dl class='gallery-item'>\n\t\t\t<dt class='gallery-icon portrait'>\n\t\t\t\t<a href='https:\/\/lyceejeanracine.fr\/wdps\/index.php\/2020\/06\/19\/les-masques-des-cap-atmfc-video-et-photos\/103543302_284906862872510_8203694219084527795_n\/'><img loading=\"lazy\" decoding=\"async\" width=\"146\" height=\"300\" src=\"https:\/\/lyceejeanracine.fr\/wdps\/wp-content\/uploads\/2020\/06\/103543302_284906862872510_8203694219084527795_n-146x300.jpg\" class=\"attachment-medium size-medium\" alt=\"\" srcset=\"https:\/\/lyceejeanracine.fr\/wdps\/wp-content\/uploads\/2020\/06\/103543302_284906862872510_8203694219084527795_n-146x300.jpg 146w, https:\/\/lyceejeanracine.fr\/wdps\/wp-content\/uploads\/2020\/06\/103543302_284906862872510_8203694219084527795_n.jpg 467w\" sizes=\"(max-width: 146px) 100vw, 146px\" \/><\/a>\n\t\t\t<\/dt><\/dl><dl class='gallery-item'>\n\t\t\t<dt class='gallery-icon portrait'>\n\t\t\t\t<a href='https:\/\/lyceejeanracine.fr\/wdps\/index.php\/2020\/06\/19\/les-masques-des-cap-atmfc-video-et-photos\/104139984_848763635649318_5285713124671247327_n\/'><img loading=\"lazy\" decoding=\"async\" width=\"146\" height=\"300\" src=\"https:\/\/lyceejeanracine.fr\/wdps\/wp-content\/uploads\/2020\/06\/104139984_848763635649318_5285713124671247327_n-146x300.jpg\" class=\"attachment-medium size-medium\" alt=\"\" srcset=\"https:\/\/lyceejeanracine.fr\/wdps\/wp-content\/uploads\/2020\/06\/104139984_848763635649318_5285713124671247327_n-146x300.jpg 146w, https:\/\/lyceejeanracine.fr\/wdps\/wp-content\/uploads\/2020\/06\/104139984_848763635649318_5285713124671247327_n.jpg 467w\" sizes=\"(max-width: 146px) 100vw, 146px\" \/><\/a>\n\t\t\t<\/dt><\/dl><br style=\"clear: both\" \/><dl class='gallery-item'>\n\t\t\t<dt class='gallery-icon portrait'>\n\t\t\t\t<a href='https:\/\/lyceejeanracine.fr\/wdps\/index.php\/2020\/06\/19\/les-masques-des-cap-atmfc-video-et-photos\/104422371_665093147378794_3804968589773573250_n\/'><img loading=\"lazy\" decoding=\"async\" width=\"146\" height=\"300\" src=\"https:\/\/lyceejeanracine.fr\/wdps\/wp-content\/uploads\/2020\/06\/104422371_665093147378794_3804968589773573250_n-146x300.jpg\" class=\"attachment-medium size-medium\" alt=\"\" srcset=\"https:\/\/lyceejeanracine.fr\/wdps\/wp-content\/uploads\/2020\/06\/104422371_665093147378794_3804968589773573250_n-146x300.jpg 146w, https:\/\/lyceejeanracine.fr\/wdps\/wp-content\/uploads\/2020\/06\/104422371_665093147378794_3804968589773573250_n.jpg 467w\" sizes=\"(max-width: 146px) 100vw, 146px\" \/><\/a>\n\t\t\t<\/dt><\/dl><dl class='gallery-item'>\n\t\t\t<dt class='gallery-icon landscape'>\n\t\t\t\t<a href='https:\/\/lyceejeanracine.fr\/wdps\/index.php\/2020\/06\/19\/les-masques-des-cap-atmfc-video-et-photos\/104497002_566492660903536_7324286252979693417_n\/'><img loading=\"lazy\" decoding=\"async\" width=\"300\" height=\"146\" src=\"https:\/\/lyceejeanracine.fr\/wdps\/wp-content\/uploads\/2020\/06\/104497002_566492660903536_7324286252979693417_n-300x146.jpg\" class=\"attachment-medium size-medium\" alt=\"\" srcset=\"https:\/\/lyceejeanracine.fr\/wdps\/wp-content\/uploads\/2020\/06\/104497002_566492660903536_7324286252979693417_n-300x146.jpg 300w, https:\/\/lyceejeanracine.fr\/wdps\/wp-content\/uploads\/2020\/06\/104497002_566492660903536_7324286252979693417_n-768x374.jpg 768w, https:\/\/lyceejeanracine.fr\/wdps\/wp-content\/uploads\/2020\/06\/104497002_566492660903536_7324286252979693417_n.jpg 960w\" sizes=\"(max-width: 300px) 100vw, 300px\" \/><\/a>\n\t\t\t<\/dt><\/dl><dl class='gallery-item'>\n\t\t\t<dt class='gallery-icon portrait'>\n\t\t\t\t<a href='https:\/\/lyceejeanracine.fr\/wdps\/index.php\/2020\/06\/19\/les-masques-des-cap-atmfc-video-et-photos\/105023521_1989919111139998_8581013449502981661_n\/'><img loading=\"lazy\" decoding=\"async\" width=\"146\" height=\"300\" src=\"https:\/\/lyceejeanracine.fr\/wdps\/wp-content\/uploads\/2020\/06\/105023521_1989919111139998_8581013449502981661_n-146x300.jpg\" class=\"attachment-medium size-medium\" alt=\"\" srcset=\"https:\/\/lyceejeanracine.fr\/wdps\/wp-content\/uploads\/2020\/06\/105023521_1989919111139998_8581013449502981661_n-146x300.jpg 146w, https:\/\/lyceejeanracine.fr\/wdps\/wp-content\/uploads\/2020\/06\/105023521_1989919111139998_8581013449502981661_n.jpg 467w\" sizes=\"(max-width: 146px) 100vw, 146px\" \/><\/a>\n\t\t\t<\/dt><\/dl><br style=\"clear: both\" \/>\n\t\t<\/div>\n\n","protected":false},"excerpt":{"rendered":"<p><a href=\"https:\/\/lyceejeanracine.fr\/wdps\/wp-content\/uploads\/2020\/06\/82976778_2520376014959057_3616181593159301752_n.jpg\"><\/a>Suite \u00e0 la crise sanitaire et au port du masque obligatoire au sein du lyc\u00e9e, les \u00e9l\u00e8ves de terminale ATMFC (Assistant(e)s Techniques en Milieu Familial et Collectif)&nbsp; ont r\u00e9alis\u00e9 des masques en tissus lavables lors des \u00ab\u00a0TP linge\u00a0\u00bb avec leur professeur madame D&rsquo;Heret.<br \/> Masques personnalis\u00e9s, bien sur !&nbsp;<\/p>\n<p>Bravo et f\u00e9licitations aux \u00e9l\u00e8ves &hellip; <\/p>\n<p><a class=\"more-link btn\" href=\"https:\/\/lyceejeanracine.fr\/wdps\/index.php\/2020\/06\/19\/les-masques-des-cap-atmfc-video-et-photos\/\">Lire la suite<\/a><\/p>\n","protected":false},"author":1,"featured_media":4067,"comment_status":"open","ping_status":"open","sticky":false,"template":"","format":"standard","meta":{"ngg_post_thumbnail":0,"footnotes":""},"categories":[42,7,4],"tags":[],"post_mailing_queue_ids":[],"_links":{"self":[{"href":"https:\/\/lyceejeanracine.fr\/wdps\/index.php\/wp-json\/wp\/v2\/posts\/4066"}],"collection":[{"href":"https:\/\/lyceejeanracine.fr\/wdps\/index.php\/wp-json\/wp\/v2\/posts"}],"about":[{"href":"https:\/\/lyceejeanracine.fr\/wdps\/index.php\/wp-json\/wp\/v2\/types\/post"}],"author":[{"embeddable":true,"href":"https:\/\/lyceejeanracine.fr\/wdps\/index.php\/wp-json\/wp\/v2\/users\/1"}],"replies":[{"embeddable":true,"href":"https:\/\/lyceejeanracine.fr\/wdps\/index.php\/wp-json\/wp\/v2\/comments?post=4066"}],"version-history":[{"count":4,"href":"https:\/\/lyceejeanracine.fr\/wdps\/index.php\/wp-json\/wp\/v2\/posts\/4066\/revisions"}],"predecessor-version":[{"id":4077,"href":"https:\/\/lyceejeanracine.fr\/wdps\/index.php\/wp-json\/wp\/v2\/posts\/4066\/revisions\/4077"}],"wp:featuredmedia":[{"embeddable":true,"href":"https:\/\/lyceejeanracine.fr\/wdps\/index.php\/wp-json\/wp\/v2\/media\/4067"}],"wp:attachment":[{"href":"https:\/\/lyceejeanracine.fr\/wdps\/index.php\/wp-json\/wp\/v2\/media?parent=4066"}],"wp:term":[{"taxonomy":"category","embeddable":true,"href":"https:\/\/lyceejeanracine.fr\/wdps\/index.php\/wp-json\/wp\/v2\/categories?post=4066"},{"taxonomy":"post_tag","embeddable":true,"href":"https:\/\/lyceejeanracine.fr\/wdps\/index.php\/wp-json\/wp\/v2\/tags?post=4066"}],"curies":[{"name":"wp","href":"https:\/\/api.w.org\/{rel}","templated":true}]}}