{"id":4115,"date":"2020-06-26T14:31:35","date_gmt":"2020-06-26T12:31:35","guid":{"rendered":"http:\/\/lyceejeanracine.fr\/wdps\/?p=4115"},"modified":"2020-06-26T14:32:33","modified_gmt":"2020-06-26T12:32:33","slug":"un-ete-pour-lire","status":"publish","type":"post","link":"https:\/\/lyceejeanracine.fr\/wdps\/index.php\/2020\/06\/26\/un-ete-pour-lire\/","title":{"rendered":"Un \u00e9t\u00e9 pour lire"},"content":{"rendered":"<p><a href=\"https:\/\/lyceejeanracine.fr\/wdps\/wp-content\/uploads\/2020\/06\/ete_lecture.png\"><img loading=\"lazy\" decoding=\"async\" class=\"alignleft size-thumbnail wp-image-4114\" src=\"https:\/\/lyceejeanracine.fr\/wdps\/wp-content\/uploads\/2020\/06\/ete_lecture-100x100.png\" alt=\"\" width=\"100\" height=\"100\"><\/a>Une vid\u00e9o r\u00e9alis\u00e9e \u00e0 distance par des \u00e9l\u00e8ves du lyc\u00e9e et donnant des conseils de lectures aux futurs \u00e9l\u00e8ves de 2ndes et 1\u00e8res<a href=\"https:\/\/lyceejeanracine.fr\/wdps\/wp-content\/uploads\/2020\/06\/ete_lecture.png\">.&nbsp;<\/a><\/p>\n<p>Ont collabor\u00e9 :&nbsp;<\/p>\n<ul>\n<li>Gwena\u00eblle D., Baptiste G., L\u00e9a D., Anthony B., L\u00e9a B., Edwige H., Camille M., et Justine P. (1\u00e8re G1)<\/li>\n<li>Sandy A., Lindsay T., Lucie B., Hugo T., Ana\u00efs M., Emma P (2nde 8)<\/li>\n<li>Alison A. et Axelle C. (2nde 7)<\/li>\n<\/ul>\n<p><!--more--><\/p>\n<div style=\"width: 640px;\" class=\"wp-video\"><!--[if lt IE 9]><script>document.createElement('video');<\/script><![endif]-->\n<video class=\"wp-video-shortcode\" id=\"video-4115-1\" width=\"640\" height=\"360\" preload=\"metadata\" controls=\"controls\"><source type=\"video\/mp4\" src=\"https:\/\/lyceejeanracine.fr\/wdps\/wp-content\/uploads\/2020\/06\/Lectures-\u00e9t\u00e9-futurs-lyc\u00e9ens-VIDEO-DEFINITIVE_3.mp4?_=1\" \/><a href=\"https:\/\/lyceejeanracine.fr\/wdps\/wp-content\/uploads\/2020\/06\/Lectures-\u00e9t\u00e9-futurs-lyc\u00e9ens-VIDEO-DEFINITIVE_3.mp4\">https:\/\/lyceejeanracine.fr\/wdps\/wp-content\/uploads\/2020\/06\/Lectures-\u00e9t\u00e9-futurs-lyc\u00e9ens-VIDEO-DEFINITIVE_3.mp4<\/a><\/video><\/div>\n","protected":false},"excerpt":{"rendered":"<p><a href=\"https:\/\/lyceejeanracine.fr\/wdps\/wp-content\/uploads\/2020\/06\/ete_lecture.png\"><\/a>Une vid\u00e9o r\u00e9alis\u00e9e \u00e0 distance par des \u00e9l\u00e8ves du lyc\u00e9e et donnant des conseils de lectures aux futurs \u00e9l\u00e8ves de 2ndes et 1\u00e8res<a href=\"https:\/\/lyceejeanracine.fr\/wdps\/wp-content\/uploads\/2020\/06\/ete_lecture.png\">.&nbsp;<\/a><\/p>\n<p>Ont collabor\u00e9 :&nbsp;<\/p>\n<ul>\n<li>Gwena\u00eblle D., Baptiste G., L\u00e9a D., Anthony B., L\u00e9a B., Edwige H., Camille M., et Justine P. (1\u00e8re G1)<\/li>\n<li>Sandy A., Lindsay T., Lucie B., Hugo &hellip;\n<p><a class=\"more-link btn\" href=\"https:\/\/lyceejeanracine.fr\/wdps\/index.php\/2020\/06\/26\/un-ete-pour-lire\/\">Lire la suite<\/a><\/p>\n<\/li>\n<\/ul>\n","protected":false},"author":1,"featured_media":4114,"comment_status":"open","ping_status":"open","sticky":false,"template":"","format":"standard","meta":{"ngg_post_thumbnail":0,"footnotes":""},"categories":[25,4],"tags":[],"post_mailing_queue_ids":[],"_links":{"self":[{"href":"https:\/\/lyceejeanracine.fr\/wdps\/index.php\/wp-json\/wp\/v2\/posts\/4115"}],"collection":[{"href":"https:\/\/lyceejeanracine.fr\/wdps\/index.php\/wp-json\/wp\/v2\/posts"}],"about":[{"href":"https:\/\/lyceejeanracine.fr\/wdps\/index.php\/wp-json\/wp\/v2\/types\/post"}],"author":[{"embeddable":true,"href":"https:\/\/lyceejeanracine.fr\/wdps\/index.php\/wp-json\/wp\/v2\/users\/1"}],"replies":[{"embeddable":true,"href":"https:\/\/lyceejeanracine.fr\/wdps\/index.php\/wp-json\/wp\/v2\/comments?post=4115"}],"version-history":[{"count":2,"href":"https:\/\/lyceejeanracine.fr\/wdps\/index.php\/wp-json\/wp\/v2\/posts\/4115\/revisions"}],"predecessor-version":[{"id":4117,"href":"https:\/\/lyceejeanracine.fr\/wdps\/index.php\/wp-json\/wp\/v2\/posts\/4115\/revisions\/4117"}],"wp:featuredmedia":[{"embeddable":true,"href":"https:\/\/lyceejeanracine.fr\/wdps\/index.php\/wp-json\/wp\/v2\/media\/4114"}],"wp:attachment":[{"href":"https:\/\/lyceejeanracine.fr\/wdps\/index.php\/wp-json\/wp\/v2\/media?parent=4115"}],"wp:term":[{"taxonomy":"category","embeddable":true,"href":"https:\/\/lyceejeanracine.fr\/wdps\/index.php\/wp-json\/wp\/v2\/categories?post=4115"},{"taxonomy":"post_tag","embeddable":true,"href":"https:\/\/lyceejeanracine.fr\/wdps\/index.php\/wp-json\/wp\/v2\/tags?post=4115"}],"curies":[{"name":"wp","href":"https:\/\/api.w.org\/{rel}","templated":true}]}}