{"id":421,"date":"2017-10-02T05:00:19","date_gmt":"2017-10-02T03:00:19","guid":{"rendered":"http:\/\/lyceejeanracine.fr\/wdps\/?p=421"},"modified":"2017-10-02T00:15:06","modified_gmt":"2017-10-01T22:15:06","slug":"actu-arts-plastiques-obscuravane","status":"publish","type":"post","link":"https:\/\/lyceejeanracine.fr\/wdps\/index.php\/2017\/10\/02\/actu-arts-plastiques-obscuravane\/","title":{"rendered":"Actu Arts Plastiques : OBSCURAVANE"},"content":{"rendered":"<h2>Cette semaine, nous accueillons au lyc\u00e9e le photographe Irwin Leullier<\/h2>\n<h2>Et son Obscuravane (laboratoire photographique mobile)<\/h2>\n<p><a href=\"https:\/\/lyceejeanracine.fr\/wdps\/?attachment_id=422\" rel=\"attachment wp-att-422\"><br \/>\n<img loading=\"lazy\" decoding=\"async\" class=\"size-full wp-image-422 alignleft\" src=\"https:\/\/lyceejeanracine.fr\/wdps\/wp-content\/uploads\/2017\/10\/I.-Leullier.jpg\" alt=\"\" width=\"170\" height=\"254\" \/><\/a><!--more--><\/p>\n<h3>Les \u00e9l\u00e8ves de 1 \u00e8re option de sp\u00e9cialit\u00e9 et option facultative arts plastiques<br \/>\nvont b\u00e9n\u00e9ficier des conseils d\u2019un professionnel de la photographie \u00e0 la<br \/>\nd\u00e9marche singuli\u00e8re.<\/h3>\n<h2 style=\"text-align: center;\"><a href=\"http:\/\/irwinleullier.wixsite.com\/obscuravane\/cv\" target=\"_blank\" rel=\"noopener\">http:\/\/irwinleullier.wixsite.com\/obscuravane\/cv<\/a><\/h2>\n<p><a href=\"https:\/\/lyceejeanracine.fr\/wdps\/?attachment_id=423\" rel=\"attachment wp-att-423\"><img loading=\"lazy\" decoding=\"async\" class=\"size-medium wp-image-423 alignright\" src=\"https:\/\/lyceejeanracine.fr\/wdps\/wp-content\/uploads\/2017\/10\/obscuravane-300x201.jpg\" alt=\"\" width=\"300\" height=\"201\" srcset=\"https:\/\/lyceejeanracine.fr\/wdps\/wp-content\/uploads\/2017\/10\/obscuravane-300x201.jpg 300w, https:\/\/lyceejeanracine.fr\/wdps\/wp-content\/uploads\/2017\/10\/obscuravane.jpg 480w\" sizes=\"(max-width: 300px) 100vw, 300px\" \/><\/a> <a href=\"https:\/\/lyceejeanracine.fr\/wdps\/?attachment_id=424\" rel=\"attachment wp-att-424\"><img loading=\"lazy\" decoding=\"async\" class=\"size-medium wp-image-424 alignleft\" src=\"https:\/\/lyceejeanracine.fr\/wdps\/wp-content\/uploads\/2017\/10\/obscuravane2-300x199.jpg\" alt=\"\" width=\"300\" height=\"199\" srcset=\"https:\/\/lyceejeanracine.fr\/wdps\/wp-content\/uploads\/2017\/10\/obscuravane2-300x199.jpg 300w, https:\/\/lyceejeanracine.fr\/wdps\/wp-content\/uploads\/2017\/10\/obscuravane2.jpg 479w\" sizes=\"(max-width: 300px) 100vw, 300px\" \/><\/a><\/p>\n<h3>Engag\u00e9s \u00e0 faire vivre le cabinet de curiosit\u00e9s (mus\u00e9e de Picardie) qui sera dans<br \/>\nl\u2019\u00e9tablissement \u00e0 partir du 6 novembre 2017, les plasticiens des classes de 1 \u00e8re vont<br \/>\ns\u2019initier \u00e0 la pratique de la photographie archa\u00efque. En d\u00e9couvrant le st\u00e9nop\u00e9, ils produiront<br \/>\ndes images semblant venir d\u2019une autre \u00e9poque, dans une soci\u00e9t\u00e9 ou capturer l\u2019instant est<br \/>\ndevenu habituel sous l\u2019\u00e8re du num\u00e9rique.<br \/>\nLes photographies argentiques produites par les \u00e9l\u00e8ves prendront place dans le hall du lyc\u00e9e<br \/>\naux c\u00f4t\u00e9s du cabinet de curiosit\u00e9s que vous d\u00e9couvrirez en novembre.<\/h3>\n<p><span style=\"color: #ff0000;\"><strong>BONNE SEMAINE A TOUS.\u00a0<\/strong><\/span><\/p>\n<p><span style=\"color: #ff0000;\"><strong>M. DUFOSSE<\/strong><\/span><\/p>\n","protected":false},"excerpt":{"rendered":"<h2>Cette semaine, nous accueillons au lyc\u00e9e le photographe Irwin Leullier<\/h2>\n<h2>Et son Obscuravane (laboratoire photographique mobile)<\/h2>\n<p><a href=\"https:\/\/lyceejeanracine.fr\/wdps\/?attachment_id=422\" rel=\"attachment wp-att-422\"><br \/> <\/a><\/p><p><a class=\"more-link btn\" href=\"https:\/\/lyceejeanracine.fr\/wdps\/index.php\/2017\/10\/02\/actu-arts-plastiques-obscuravane\/\">Lire la suite<\/a><\/p>\n","protected":false},"author":1,"featured_media":423,"comment_status":"open","ping_status":"open","sticky":false,"template":"","format":"standard","meta":{"ngg_post_thumbnail":0,"footnotes":""},"categories":[7,4],"tags":[],"post_mailing_queue_ids":[],"_links":{"self":[{"href":"https:\/\/lyceejeanracine.fr\/wdps\/index.php\/wp-json\/wp\/v2\/posts\/421"}],"collection":[{"href":"https:\/\/lyceejeanracine.fr\/wdps\/index.php\/wp-json\/wp\/v2\/posts"}],"about":[{"href":"https:\/\/lyceejeanracine.fr\/wdps\/index.php\/wp-json\/wp\/v2\/types\/post"}],"author":[{"embeddable":true,"href":"https:\/\/lyceejeanracine.fr\/wdps\/index.php\/wp-json\/wp\/v2\/users\/1"}],"replies":[{"embeddable":true,"href":"https:\/\/lyceejeanracine.fr\/wdps\/index.php\/wp-json\/wp\/v2\/comments?post=421"}],"version-history":[{"count":3,"href":"https:\/\/lyceejeanracine.fr\/wdps\/index.php\/wp-json\/wp\/v2\/posts\/421\/revisions"}],"predecessor-version":[{"id":427,"href":"https:\/\/lyceejeanracine.fr\/wdps\/index.php\/wp-json\/wp\/v2\/posts\/421\/revisions\/427"}],"wp:featuredmedia":[{"embeddable":true,"href":"https:\/\/lyceejeanracine.fr\/wdps\/index.php\/wp-json\/wp\/v2\/media\/423"}],"wp:attachment":[{"href":"https:\/\/lyceejeanracine.fr\/wdps\/index.php\/wp-json\/wp\/v2\/media?parent=421"}],"wp:term":[{"taxonomy":"category","embeddable":true,"href":"https:\/\/lyceejeanracine.fr\/wdps\/index.php\/wp-json\/wp\/v2\/categories?post=421"},{"taxonomy":"post_tag","embeddable":true,"href":"https:\/\/lyceejeanracine.fr\/wdps\/index.php\/wp-json\/wp\/v2\/tags?post=421"}],"curies":[{"name":"wp","href":"https:\/\/api.w.org\/{rel}","templated":true}]}}