{"id":4346,"date":"2020-11-28T22:14:47","date_gmt":"2020-11-28T21:14:47","guid":{"rendered":"http:\/\/lyceejeanracine.fr\/wdps\/?p=4346"},"modified":"2020-11-29T22:22:47","modified_gmt":"2020-11-29T21:22:47","slug":"permanence-le-mail-contre-les-addictions","status":"publish","type":"post","link":"https:\/\/lyceejeanracine.fr\/wdps\/index.php\/2020\/11\/28\/permanence-le-mail-contre-les-addictions\/","title":{"rendered":"Permanence \u00ab\u00a0Le Mail\u00a0\u00bb contre les addictions"},"content":{"rendered":"<p><a href=\"https:\/\/lyceejeanracine.fr\/wdps\/wp-content\/uploads\/2020\/11\/lemail-quadri_os.jpg\"><img loading=\"lazy\" decoding=\"async\" class=\"alignleft wp-image-4348 size-medium\" src=\"https:\/\/lyceejeanracine.fr\/wdps\/wp-content\/uploads\/2020\/11\/lemail-quadri_os-300x300.jpg\" alt=\"\" width=\"300\" height=\"300\" srcset=\"https:\/\/lyceejeanracine.fr\/wdps\/wp-content\/uploads\/2020\/11\/lemail-quadri_os-300x300.jpg 300w, https:\/\/lyceejeanracine.fr\/wdps\/wp-content\/uploads\/2020\/11\/lemail-quadri_os-100x100.jpg 100w, https:\/\/lyceejeanracine.fr\/wdps\/wp-content\/uploads\/2020\/11\/lemail-quadri_os-768x768.jpg 768w, https:\/\/lyceejeanracine.fr\/wdps\/wp-content\/uploads\/2020\/11\/lemail-quadri_os-1024x1024.jpg 1024w, https:\/\/lyceejeanracine.fr\/wdps\/wp-content\/uploads\/2020\/11\/lemail-quadri_os.jpg 1772w\" sizes=\"(max-width: 300px) 100vw, 300px\" \/><\/a>Mme, MM.<br \/>\nUne permanence de l&rsquo;association Le Mail se tient tous les vendredis matins de 9h \u00e0 12h men\u00e9e par Alafya dans le bureau de Mme Dochy.<br \/>\n&nbsp;<br \/>\nLes \u00e9l\u00e8ves en ont \u00e9t\u00e9 inform\u00e9s par une information pronote. Ils peuvent s&rsquo;inscrire pour un rdv dans les bureaux de la vie scolaire sur un agenda \u00e9lectronique.<br \/>\n&nbsp;<br \/>\nBien cordialement<br \/>\nM. BLANC (proviseur adjoint)<\/p>\n","protected":false},"excerpt":{"rendered":"<p><a href=\"https:\/\/lyceejeanracine.fr\/wdps\/wp-content\/uploads\/2020\/11\/lemail-quadri_os.jpg\"><\/a>Mme, MM.<br \/> Une permanence de l&rsquo;association Le Mail se tient tous les vendredis matins de 9h \u00e0 12h men\u00e9e par Alafya dans le bureau de Mme Dochy.<br \/> &nbsp;<br \/> Les \u00e9l\u00e8ves en ont \u00e9t\u00e9 inform\u00e9s par une information pronote. Ils peuvent s&rsquo;inscrire pour un rdv dans les bureaux de la vie scolaire &hellip; <\/p>\n<p><a class=\"more-link btn\" href=\"https:\/\/lyceejeanracine.fr\/wdps\/index.php\/2020\/11\/28\/permanence-le-mail-contre-les-addictions\/\">Lire la suite<\/a><\/p>\n","protected":false},"author":1,"featured_media":4348,"comment_status":"open","ping_status":"open","sticky":false,"template":"","format":"standard","meta":{"ngg_post_thumbnail":0,"footnotes":""},"categories":[7,4],"tags":[],"post_mailing_queue_ids":[],"_links":{"self":[{"href":"https:\/\/lyceejeanracine.fr\/wdps\/index.php\/wp-json\/wp\/v2\/posts\/4346"}],"collection":[{"href":"https:\/\/lyceejeanracine.fr\/wdps\/index.php\/wp-json\/wp\/v2\/posts"}],"about":[{"href":"https:\/\/lyceejeanracine.fr\/wdps\/index.php\/wp-json\/wp\/v2\/types\/post"}],"author":[{"embeddable":true,"href":"https:\/\/lyceejeanracine.fr\/wdps\/index.php\/wp-json\/wp\/v2\/users\/1"}],"replies":[{"embeddable":true,"href":"https:\/\/lyceejeanracine.fr\/wdps\/index.php\/wp-json\/wp\/v2\/comments?post=4346"}],"version-history":[{"count":1,"href":"https:\/\/lyceejeanracine.fr\/wdps\/index.php\/wp-json\/wp\/v2\/posts\/4346\/revisions"}],"predecessor-version":[{"id":4349,"href":"https:\/\/lyceejeanracine.fr\/wdps\/index.php\/wp-json\/wp\/v2\/posts\/4346\/revisions\/4349"}],"wp:featuredmedia":[{"embeddable":true,"href":"https:\/\/lyceejeanracine.fr\/wdps\/index.php\/wp-json\/wp\/v2\/media\/4348"}],"wp:attachment":[{"href":"https:\/\/lyceejeanracine.fr\/wdps\/index.php\/wp-json\/wp\/v2\/media?parent=4346"}],"wp:term":[{"taxonomy":"category","embeddable":true,"href":"https:\/\/lyceejeanracine.fr\/wdps\/index.php\/wp-json\/wp\/v2\/categories?post=4346"},{"taxonomy":"post_tag","embeddable":true,"href":"https:\/\/lyceejeanracine.fr\/wdps\/index.php\/wp-json\/wp\/v2\/tags?post=4346"}],"curies":[{"name":"wp","href":"https:\/\/api.w.org\/{rel}","templated":true}]}}