{"id":4469,"date":"2021-01-20T13:16:00","date_gmt":"2021-01-20T12:16:00","guid":{"rendered":"http:\/\/lyceejeanracine.fr\/wdps\/?p=4469"},"modified":"2021-01-22T20:12:30","modified_gmt":"2021-01-22T19:12:30","slug":"reunions-dinformations-pour-les-eleves-de-secondes-et-de-terminales-professionnelles-et-generales","status":"publish","type":"post","link":"https:\/\/lyceejeanracine.fr\/wdps\/index.php\/2021\/01\/20\/reunions-dinformations-pour-les-eleves-de-secondes-et-de-terminales-professionnelles-et-generales\/","title":{"rendered":"R\u00e9unions d&rsquo;informations pour les \u00e9l\u00e8ves de terminales professionnelles et g\u00e9n\u00e9rales : Jeudi 21\/01 \u00e0 16H"},"content":{"rendered":"\n<p><strong><span style=\"text-decoration: underline;\">Mise \u00e0 jour du 20\/01\/2021 (Lien Zoom pour la visio)<br><\/span><\/strong><span class=\"has-inline-color has-vivid-red-color\"><strong>ATTENTION : LES DEUX REUNIONS AURONT LIEU A 16H AU LIEU DE 18H ET AURONT LIEU EN PRESENTIEL ET EN DISTANCIEL. UNE SESSION DE RATTRAPAGE AURA LIEU ULTERIEUREMENT POUR LES PARENTS QUI NE POURRONT PAS PARTICIPER A CETTE REUNION:<\/strong><\/span><\/p>\n\n\n\n<!--more-->\n\n\n\n<p>Deux r\u00e9unions d&rsquo;informations portant sur l&rsquo;orientation sont organis\u00e9es : <\/p>\n\n\n\n<ul><li>Pour les classes de secondes g\u00e9n\u00e9rales : <span class=\"has-inline-color has-vivid-red-color\">Lundi 18 janvier 2021 \u00e0 16H<\/span> en salle Simone Veil : <br>Heure : 18 janv. 2021 15:45 Paris<br>Pour participer \u00e0 la r\u00e9union Zoom :<br><a rel=\"noreferrer noopener\" href=\"https:\/\/zoom.us\/j\/95821654715?pwd=QSt3WnpvQU1MaEdvcnphZUlKVGQvZz09\" target=\"_blank\">https:\/\/zoom.us\/j\/95821654715?pwd=QSt3WnpvQU1MaEdvcnphZUlKVGQvZz09<\/a><br>ID de r\u00e9union : 958 2165 4715<br>Code secret : yNNh7H<br> <\/li><li>Pour les classes de terminales professionnelles et g\u00e9n\u00e9rales : <span class=\"has-inline-color has-vivid-red-color\">Jeudi 21 janvier 2021 \u00e0 16H<\/span> en salle Simone Veil : <br>Sujet : Information parents \u00e9l\u00e8ves terminale<br>Heure : 21 janv. 2021 04:00 PM Paris<br>Participer \u00e0 la r\u00e9union Zoom<br><a href=\"https:\/\/zoom.us\/j\/98713437944?pwd=NUI3Qy9EeUFaVFhkMkd6T0RCdXFjQT09\" target=\"_blank\" rel=\"noreferrer noopener\">https:\/\/zoom.us\/j\/98713437944?pwd=NUI3Qy9EeUFaVFhkMkd6T0RCdXFjQT09<\/a><br>ID de r\u00e9union : 987 1343 7944<br>Code secret : RP476E<\/li><\/ul>\n\n\n\n<ul><li><br><\/li><\/ul>\n","protected":false},"excerpt":{"rendered":"<p><strong><span style=\"text-decoration: underline;\">Mise \u00e0 jour du 20\/01\/2021 (Lien Zoom pour la visio)<br \/><\/span><\/strong><span class=\"has-inline-color has-vivid-red-color\"><strong>ATTENTION : LES DEUX REUNIONS AURONT LIEU A 16H AU LIEU DE 18H ET AURONT LIEU EN PRESENTIEL ET EN DISTANCIEL. UNE SESSION DE RATTRAPAGE AURA LIEU ULTERIEUREMENT POUR LES PARENTS QUI NE POURRONT PAS PARTICIPER A CETTE REUNION:<\/strong><\/span><\/p><p><a class=\"more-link btn\" href=\"https:\/\/lyceejeanracine.fr\/wdps\/index.php\/2021\/01\/20\/reunions-dinformations-pour-les-eleves-de-secondes-et-de-terminales-professionnelles-et-generales\/\">Lire la suite<\/a><\/p>\n","protected":false},"author":1,"featured_media":956,"comment_status":"open","ping_status":"open","sticky":false,"template":"","format":"standard","meta":{"ngg_post_thumbnail":0,"footnotes":""},"categories":[6,7,4],"tags":[],"post_mailing_queue_ids":[],"_links":{"self":[{"href":"https:\/\/lyceejeanracine.fr\/wdps\/index.php\/wp-json\/wp\/v2\/posts\/4469"}],"collection":[{"href":"https:\/\/lyceejeanracine.fr\/wdps\/index.php\/wp-json\/wp\/v2\/posts"}],"about":[{"href":"https:\/\/lyceejeanracine.fr\/wdps\/index.php\/wp-json\/wp\/v2\/types\/post"}],"author":[{"embeddable":true,"href":"https:\/\/lyceejeanracine.fr\/wdps\/index.php\/wp-json\/wp\/v2\/users\/1"}],"replies":[{"embeddable":true,"href":"https:\/\/lyceejeanracine.fr\/wdps\/index.php\/wp-json\/wp\/v2\/comments?post=4469"}],"version-history":[{"count":11,"href":"https:\/\/lyceejeanracine.fr\/wdps\/index.php\/wp-json\/wp\/v2\/posts\/4469\/revisions"}],"predecessor-version":[{"id":4507,"href":"https:\/\/lyceejeanracine.fr\/wdps\/index.php\/wp-json\/wp\/v2\/posts\/4469\/revisions\/4507"}],"wp:featuredmedia":[{"embeddable":true,"href":"https:\/\/lyceejeanracine.fr\/wdps\/index.php\/wp-json\/wp\/v2\/media\/956"}],"wp:attachment":[{"href":"https:\/\/lyceejeanracine.fr\/wdps\/index.php\/wp-json\/wp\/v2\/media?parent=4469"}],"wp:term":[{"taxonomy":"category","embeddable":true,"href":"https:\/\/lyceejeanracine.fr\/wdps\/index.php\/wp-json\/wp\/v2\/categories?post=4469"},{"taxonomy":"post_tag","embeddable":true,"href":"https:\/\/lyceejeanracine.fr\/wdps\/index.php\/wp-json\/wp\/v2\/tags?post=4469"}],"curies":[{"name":"wp","href":"https:\/\/api.w.org\/{rel}","templated":true}]}}