{"id":4482,"date":"2021-01-11T19:47:44","date_gmt":"2021-01-11T18:47:44","guid":{"rendered":"http:\/\/lyceejeanracine.fr\/wdps\/?p=4482"},"modified":"2021-01-11T19:47:45","modified_gmt":"2021-01-11T18:47:45","slug":"tu-ne-sais-pas-quoi-lire","status":"publish","type":"post","link":"https:\/\/lyceejeanracine.fr\/wdps\/index.php\/2021\/01\/11\/tu-ne-sais-pas-quoi-lire\/","title":{"rendered":"Tu ne sais pas quoi lire ?"},"content":{"rendered":"\n<div class=\"wp-block-image\"><figure class=\"alignleft size-medium\"><img decoding=\"async\" src=\"https:\/\/lyceejeanracine.fr\/wdps\/wp-content\/uploads\/2021\/01\/quoi-lire-300x196.jpg\" alt=\"\" class=\"wp-image-4483\"\/><\/figure><\/div>\n\n\n\n<p><a rel=\"noreferrer noopener\" href=\"https:\/\/docs.google.com\/forms\/d\/e\/1FAIpQLSe8-wJF3vBQWoCOa-K8m-YhVwmBfY4zbtNhEZkkDlUaQd4YQw\/viewform\" target=\"_blank\">Remplis le formulaire<\/a>  avant le mardi 19\/01 et re\u00e7ois un conseil de lecture personnalis\u00e9, un livre que nous aurons choisi tout expr\u00e8s pour toi dan les rayons du CDI !<br>Une initiative dans le cadre des 5\u00e8mes Nuits de la Lecture du 21 au 24 janvier 2021.<\/p>\n\n\n\n<p class=\"has-text-align-right\">Mme Dequevauviller &amp; Mme Kouakou<\/p>\n","protected":false},"excerpt":{"rendered":"<p><a rel=\"noreferrer noopener\" href=\"https:\/\/docs.google.com\/forms\/d\/e\/1FAIpQLSe8-wJF3vBQWoCOa-K8m-YhVwmBfY4zbtNhEZkkDlUaQd4YQw\/viewform\" target=\"_blank\">Remplis le formulaire<\/a> avant le mardi 19\/01 et re\u00e7ois un conseil de lecture personnalis\u00e9, un livre que nous aurons choisi tout expr\u00e8s pour toi dan les rayons du CDI !<br \/>Une initiative dans le cadre des 5\u00e8mes Nuits de la Lecture du 21 au 24 janvier 2021.<\/p>\n<p class=\"has-text-align-right\">Mme Dequevauviller &amp; Mme &hellip; <\/p>\n<p><a class=\"more-link btn\" href=\"https:\/\/lyceejeanracine.fr\/wdps\/index.php\/2021\/01\/11\/tu-ne-sais-pas-quoi-lire\/\">Lire la suite<\/a><\/p>\n","protected":false},"author":1,"featured_media":4483,"comment_status":"open","ping_status":"open","sticky":false,"template":"","format":"standard","meta":{"ngg_post_thumbnail":0,"footnotes":""},"categories":[30,7,4],"tags":[],"post_mailing_queue_ids":[],"_links":{"self":[{"href":"https:\/\/lyceejeanracine.fr\/wdps\/index.php\/wp-json\/wp\/v2\/posts\/4482"}],"collection":[{"href":"https:\/\/lyceejeanracine.fr\/wdps\/index.php\/wp-json\/wp\/v2\/posts"}],"about":[{"href":"https:\/\/lyceejeanracine.fr\/wdps\/index.php\/wp-json\/wp\/v2\/types\/post"}],"author":[{"embeddable":true,"href":"https:\/\/lyceejeanracine.fr\/wdps\/index.php\/wp-json\/wp\/v2\/users\/1"}],"replies":[{"embeddable":true,"href":"https:\/\/lyceejeanracine.fr\/wdps\/index.php\/wp-json\/wp\/v2\/comments?post=4482"}],"version-history":[{"count":1,"href":"https:\/\/lyceejeanracine.fr\/wdps\/index.php\/wp-json\/wp\/v2\/posts\/4482\/revisions"}],"predecessor-version":[{"id":4484,"href":"https:\/\/lyceejeanracine.fr\/wdps\/index.php\/wp-json\/wp\/v2\/posts\/4482\/revisions\/4484"}],"wp:featuredmedia":[{"embeddable":true,"href":"https:\/\/lyceejeanracine.fr\/wdps\/index.php\/wp-json\/wp\/v2\/media\/4483"}],"wp:attachment":[{"href":"https:\/\/lyceejeanracine.fr\/wdps\/index.php\/wp-json\/wp\/v2\/media?parent=4482"}],"wp:term":[{"taxonomy":"category","embeddable":true,"href":"https:\/\/lyceejeanracine.fr\/wdps\/index.php\/wp-json\/wp\/v2\/categories?post=4482"},{"taxonomy":"post_tag","embeddable":true,"href":"https:\/\/lyceejeanracine.fr\/wdps\/index.php\/wp-json\/wp\/v2\/tags?post=4482"}],"curies":[{"name":"wp","href":"https:\/\/api.w.org\/{rel}","templated":true}]}}