{"id":4497,"date":"2021-01-16T18:31:17","date_gmt":"2021-01-16T17:31:17","guid":{"rendered":"http:\/\/lyceejeanracine.fr\/wdps\/?p=4497"},"modified":"2021-01-23T16:20:30","modified_gmt":"2021-01-23T15:20:30","slug":"justificatif-de-deplacement-scolaire","status":"publish","type":"post","link":"https:\/\/lyceejeanracine.fr\/wdps\/index.php\/2021\/01\/16\/justificatif-de-deplacement-scolaire\/","title":{"rendered":"Justificatif de d\u00e9placement scolaire"},"content":{"rendered":"\n<div class=\"wp-block-image\"><figure class=\"alignleft size-thumbnail\"><img loading=\"lazy\" decoding=\"async\" width=\"100\" height=\"100\" src=\"https:\/\/lyceejeanracine.fr\/wdps\/wp-content\/uploads\/2021\/01\/justificatif_deplacement_scolaire-1-100x100.png\" alt=\"\" class=\"wp-image-4500\"\/><\/figure><\/div>\n\n\n\n<p>Pour venir chercher votre enfant apr\u00e8s 18H00, vous pouvez t\u00e9l\u00e9charger et imprimer le justificatif de d\u00e9placement scolaire pendant le couvre-feu, ci-dessous.<br>Des exemplaires sont disponibles en vie scolaire et au secr\u00e9tariat de direction.<\/p>\n\n\n\n<p><a href=\"https:\/\/lyceejeanracine.fr\/wdps\/wp-content\/uploads\/2021\/01\/justificatif_deplacement_scolaire.pdf\" target=\"_blank\" rel=\"noreferrer noopener\">T\u00e9l\u00e9chargement du justificatif<\/a><\/p>\n","protected":false},"excerpt":{"rendered":"<p>Pour venir chercher votre enfant apr\u00e8s 18H00, vous pouvez t\u00e9l\u00e9charger et imprimer le justificatif de d\u00e9placement scolaire pendant le couvre-feu, ci-dessous.<br \/>Des exemplaires sont disponibles en vie scolaire et au secr\u00e9tariat de direction.<\/p>\n<p><a href=\"https:\/\/lyceejeanracine.fr\/wdps\/wp-content\/uploads\/2021\/01\/justificatif_deplacement_scolaire.pdf\" target=\"_blank\" rel=\"noreferrer noopener\">T\u00e9l\u00e9chargement du justificatif<\/a><\/p>\n","protected":false},"author":1,"featured_media":4498,"comment_status":"open","ping_status":"open","sticky":false,"template":"","format":"standard","meta":{"ngg_post_thumbnail":0,"footnotes":""},"categories":[49,50,7,4],"tags":[],"post_mailing_queue_ids":[],"_links":{"self":[{"href":"https:\/\/lyceejeanracine.fr\/wdps\/index.php\/wp-json\/wp\/v2\/posts\/4497"}],"collection":[{"href":"https:\/\/lyceejeanracine.fr\/wdps\/index.php\/wp-json\/wp\/v2\/posts"}],"about":[{"href":"https:\/\/lyceejeanracine.fr\/wdps\/index.php\/wp-json\/wp\/v2\/types\/post"}],"author":[{"embeddable":true,"href":"https:\/\/lyceejeanracine.fr\/wdps\/index.php\/wp-json\/wp\/v2\/users\/1"}],"replies":[{"embeddable":true,"href":"https:\/\/lyceejeanracine.fr\/wdps\/index.php\/wp-json\/wp\/v2\/comments?post=4497"}],"version-history":[{"count":2,"href":"https:\/\/lyceejeanracine.fr\/wdps\/index.php\/wp-json\/wp\/v2\/posts\/4497\/revisions"}],"predecessor-version":[{"id":4502,"href":"https:\/\/lyceejeanracine.fr\/wdps\/index.php\/wp-json\/wp\/v2\/posts\/4497\/revisions\/4502"}],"wp:featuredmedia":[{"embeddable":true,"href":"https:\/\/lyceejeanracine.fr\/wdps\/index.php\/wp-json\/wp\/v2\/media\/4498"}],"wp:attachment":[{"href":"https:\/\/lyceejeanracine.fr\/wdps\/index.php\/wp-json\/wp\/v2\/media?parent=4497"}],"wp:term":[{"taxonomy":"category","embeddable":true,"href":"https:\/\/lyceejeanracine.fr\/wdps\/index.php\/wp-json\/wp\/v2\/categories?post=4497"},{"taxonomy":"post_tag","embeddable":true,"href":"https:\/\/lyceejeanracine.fr\/wdps\/index.php\/wp-json\/wp\/v2\/tags?post=4497"}],"curies":[{"name":"wp","href":"https:\/\/api.w.org\/{rel}","templated":true}]}}