{"id":450,"date":"2017-10-07T09:46:47","date_gmt":"2017-10-07T07:46:47","guid":{"rendered":"http:\/\/lyceejeanracine.fr\/wdps\/?p=450"},"modified":"2017-10-07T09:46:47","modified_gmt":"2017-10-07T07:46:47","slug":"les-gothiques-seront-au-lycee","status":"publish","type":"post","link":"https:\/\/lyceejeanracine.fr\/wdps\/index.php\/2017\/10\/07\/les-gothiques-seront-au-lycee\/","title":{"rendered":"LES GOTHIQUES SERONT AU LYCEE"},"content":{"rendered":"<p>La r\u00e9gion Hauts De France et des membres de l&rsquo;\u00e9quipe professionnelle des Gothiques d&rsquo;Amiens seront au lyc\u00e9e lundi 9 octobre de 14h \u00e0 16H pour pr\u00e9senter leur \u00e9quipe et le hockey sur glace.<\/p>\n<p><a href=\"https:\/\/lyceejeanracine.fr\/wdps\/index.php\/2017\/10\/07\/les-gothiques-seront-au-lycee\/logo_gothique\/\" rel=\"attachment wp-att-451\"><img loading=\"lazy\" decoding=\"async\" class=\"alignright size-full wp-image-451\" src=\"https:\/\/lyceejeanracine.fr\/wdps\/wp-content\/uploads\/2017\/10\/logo_gothique.png\" alt=\"\" width=\"190\" height=\"175\" \/><\/a><!--more-->Seuls les \u00e9l\u00e8ves convoqu\u00e9s seront autoris\u00e9s \u00e0 participer \u00e0 cette rencontre.<\/p>\n","protected":false},"excerpt":{"rendered":"<p>La r\u00e9gion Hauts De France et des membres de l&rsquo;\u00e9quipe professionnelle des Gothiques d&rsquo;Amiens seront au lyc\u00e9e lundi 9 octobre de 14h \u00e0 16H pour pr\u00e9senter leur \u00e9quipe et le hockey sur glace.<\/p>\n<p><a href=\"https:\/\/lyceejeanracine.fr\/wdps\/index.php\/2017\/10\/07\/les-gothiques-seront-au-lycee\/logo_gothique\/\" rel=\"attachment wp-att-451\"><\/a><\/p><p><a class=\"more-link btn\" href=\"https:\/\/lyceejeanracine.fr\/wdps\/index.php\/2017\/10\/07\/les-gothiques-seront-au-lycee\/\">Lire la suite<\/a><\/p>\n","protected":false},"author":1,"featured_media":451,"comment_status":"open","ping_status":"open","sticky":false,"template":"","format":"standard","meta":{"ngg_post_thumbnail":0,"footnotes":""},"categories":[7,4],"tags":[],"post_mailing_queue_ids":[],"_links":{"self":[{"href":"https:\/\/lyceejeanracine.fr\/wdps\/index.php\/wp-json\/wp\/v2\/posts\/450"}],"collection":[{"href":"https:\/\/lyceejeanracine.fr\/wdps\/index.php\/wp-json\/wp\/v2\/posts"}],"about":[{"href":"https:\/\/lyceejeanracine.fr\/wdps\/index.php\/wp-json\/wp\/v2\/types\/post"}],"author":[{"embeddable":true,"href":"https:\/\/lyceejeanracine.fr\/wdps\/index.php\/wp-json\/wp\/v2\/users\/1"}],"replies":[{"embeddable":true,"href":"https:\/\/lyceejeanracine.fr\/wdps\/index.php\/wp-json\/wp\/v2\/comments?post=450"}],"version-history":[{"count":2,"href":"https:\/\/lyceejeanracine.fr\/wdps\/index.php\/wp-json\/wp\/v2\/posts\/450\/revisions"}],"predecessor-version":[{"id":453,"href":"https:\/\/lyceejeanracine.fr\/wdps\/index.php\/wp-json\/wp\/v2\/posts\/450\/revisions\/453"}],"wp:featuredmedia":[{"embeddable":true,"href":"https:\/\/lyceejeanracine.fr\/wdps\/index.php\/wp-json\/wp\/v2\/media\/451"}],"wp:attachment":[{"href":"https:\/\/lyceejeanracine.fr\/wdps\/index.php\/wp-json\/wp\/v2\/media?parent=450"}],"wp:term":[{"taxonomy":"category","embeddable":true,"href":"https:\/\/lyceejeanracine.fr\/wdps\/index.php\/wp-json\/wp\/v2\/categories?post=450"},{"taxonomy":"post_tag","embeddable":true,"href":"https:\/\/lyceejeanracine.fr\/wdps\/index.php\/wp-json\/wp\/v2\/tags?post=450"}],"curies":[{"name":"wp","href":"https:\/\/api.w.org\/{rel}","templated":true}]}}