{"id":4508,"date":"2021-01-20T19:51:41","date_gmt":"2021-01-20T18:51:41","guid":{"rendered":"http:\/\/lyceejeanracine.fr\/wdps\/?p=4508"},"modified":"2021-01-20T19:59:11","modified_gmt":"2021-01-20T18:59:11","slug":"la-nouvelle-annee-avec-les-tatmfc","status":"publish","type":"post","link":"https:\/\/lyceejeanracine.fr\/wdps\/index.php\/2021\/01\/20\/la-nouvelle-annee-avec-les-tatmfc\/","title":{"rendered":"La nouvelle ann\u00e9e avec les TATMFC"},"content":{"rendered":"\n<div class=\"wp-block-image\"><figure class=\"alignleft size-medium\"><img decoding=\"async\" src=\"https:\/\/lyceejeanracine.fr\/wdps\/wp-content\/uploads\/2021\/01\/2021_01_12_20_20_19_517-300x300.jpg\" alt=\"\" class=\"wp-image-4513\"\/><\/figure><\/div>\n\n\n\n<p>Le lundi 11 janvier et le mardi 12 janvier les TATMFC ont f\u00eat\u00e9 la nouvelle ann\u00e9e. Au menu de bons petits plats r\u00e9alis\u00e9s par les \u00e9l\u00e8ves tr\u00e8s fiers de pr\u00e9senter leur travail au personnel de direction et \u00e0 des enseignants.<br>Une belle prestation avec de belles pr\u00e9sentations et des saveurs au rendez vous. Les convives se sont r\u00e9gal\u00e9s. Nous pr\u00e9parons d\u00e9j\u00e0 les menus des futurs repas et nous esp\u00e9rons vous voir nombreux.<br>Une collation sera \u00e9galement propos\u00e9e le vendredi 19 f\u00e9vrier au profit des restos du c\u0153ur, des affiches seront mises dans l&rsquo;\u00e9tablissement.<\/p>\n\n\n\n<!-- default-view.php -->\n<div\n\tclass=\"ngg-galleryoverview default-view \n\t ngg-ajax-pagination-none\t\"\n\tid=\"ngg-gallery-f1dd2942cb7206508283af1163d31315-1\">\n\n\t\t<!-- Thumbnails -->\n\t\t\t\t<div id=\"ngg-image-0\" class=\"ngg-gallery-thumbnail-box \n\t\t\t\t\t\t\t\t\t\t\t\" \n\t\t\t>\n\t\t\t\t\t\t<div class=\"ngg-gallery-thumbnail\">\n\t\t\t<a href=\"https:\/\/lyceejeanracine.fr\/wdps\/wp-content\/gallery\/atmfc-bonne-annee\/2021_01_12_18_27_23_141.jpg\"\n\t\t\t\ttitle=\"\"\n\t\t\t\tdata-src=\"https:\/\/lyceejeanracine.fr\/wdps\/wp-content\/gallery\/atmfc-bonne-annee\/2021_01_12_18_27_23_141.jpg\"\n\t\t\t\tdata-thumbnail=\"https:\/\/lyceejeanracine.fr\/wdps\/wp-content\/gallery\/atmfc-bonne-annee\/thumbs\/thumbs_2021_01_12_18_27_23_141.jpg\"\n\t\t\t\tdata-image-id=\"644\"\n\t\t\t\tdata-title=\"2021_01_12_18_27_23_141\"\n\t\t\t\tdata-description=\"\"\n\t\t\t\tdata-image-slug=\"2021_01_12_18_27_23_141\"\n\t\t\t\tclass=\"ngg-fancybox\" rel=\"f1dd2942cb7206508283af1163d31315\">\n\t\t\t\t<img\n\t\t\t\t\ttitle=\"2021_01_12_18_27_23_141\"\n\t\t\t\t\talt=\"2021_01_12_18_27_23_141\"\n\t\t\t\t\tsrc=\"https:\/\/lyceejeanracine.fr\/wdps\/wp-content\/gallery\/atmfc-bonne-annee\/thumbs\/thumbs_2021_01_12_18_27_23_141.jpg\"\n\t\t\t\t\twidth=\"240\"\n\t\t\t\t\theight=\"160\"\n\t\t\t\t\tstyle=\"max-width:100%;\"\n\t\t\t\t\/>\n\t\t\t<\/a>\n\t\t<\/div>\n\t\t\t\t\t\t\t<\/div> \n\t\t\t\n\t\t\t\t<div id=\"ngg-image-1\" class=\"ngg-gallery-thumbnail-box \n\t\t\t\t\t\t\t\t\t\t\t\" \n\t\t\t>\n\t\t\t\t\t\t<div class=\"ngg-gallery-thumbnail\">\n\t\t\t<a href=\"https:\/\/lyceejeanracine.fr\/wdps\/wp-content\/gallery\/atmfc-bonne-annee\/2021_01_12_18_30_10_068.jpg\"\n\t\t\t\ttitle=\"\"\n\t\t\t\tdata-src=\"https:\/\/lyceejeanracine.fr\/wdps\/wp-content\/gallery\/atmfc-bonne-annee\/2021_01_12_18_30_10_068.jpg\"\n\t\t\t\tdata-thumbnail=\"https:\/\/lyceejeanracine.fr\/wdps\/wp-content\/gallery\/atmfc-bonne-annee\/thumbs\/thumbs_2021_01_12_18_30_10_068.jpg\"\n\t\t\t\tdata-image-id=\"645\"\n\t\t\t\tdata-title=\"2021_01_12_18_30_10_068\"\n\t\t\t\tdata-description=\"\"\n\t\t\t\tdata-image-slug=\"2021_01_12_18_30_10_068\"\n\t\t\t\tclass=\"ngg-fancybox\" rel=\"f1dd2942cb7206508283af1163d31315\">\n\t\t\t\t<img\n\t\t\t\t\ttitle=\"2021_01_12_18_30_10_068\"\n\t\t\t\t\talt=\"2021_01_12_18_30_10_068\"\n\t\t\t\t\tsrc=\"https:\/\/lyceejeanracine.fr\/wdps\/wp-content\/gallery\/atmfc-bonne-annee\/thumbs\/thumbs_2021_01_12_18_30_10_068.jpg\"\n\t\t\t\t\twidth=\"240\"\n\t\t\t\t\theight=\"160\"\n\t\t\t\t\tstyle=\"max-width:100%;\"\n\t\t\t\t\/>\n\t\t\t<\/a>\n\t\t<\/div>\n\t\t\t\t\t\t\t<\/div> \n\t\t\t\n\t\t\t\t<div id=\"ngg-image-2\" class=\"ngg-gallery-thumbnail-box \n\t\t\t\t\t\t\t\t\t\t\t\" \n\t\t\t>\n\t\t\t\t\t\t<div class=\"ngg-gallery-thumbnail\">\n\t\t\t<a href=\"https:\/\/lyceejeanracine.fr\/wdps\/wp-content\/gallery\/atmfc-bonne-annee\/2021_01_12_20_20_19_517.jpg\"\n\t\t\t\ttitle=\"\"\n\t\t\t\tdata-src=\"https:\/\/lyceejeanracine.fr\/wdps\/wp-content\/gallery\/atmfc-bonne-annee\/2021_01_12_20_20_19_517.jpg\"\n\t\t\t\tdata-thumbnail=\"https:\/\/lyceejeanracine.fr\/wdps\/wp-content\/gallery\/atmfc-bonne-annee\/thumbs\/thumbs_2021_01_12_20_20_19_517.jpg\"\n\t\t\t\tdata-image-id=\"646\"\n\t\t\t\tdata-title=\"2021_01_12_20_20_19_517\"\n\t\t\t\tdata-description=\"\"\n\t\t\t\tdata-image-slug=\"2021_01_12_20_20_19_517\"\n\t\t\t\tclass=\"ngg-fancybox\" rel=\"f1dd2942cb7206508283af1163d31315\">\n\t\t\t\t<img\n\t\t\t\t\ttitle=\"2021_01_12_20_20_19_517\"\n\t\t\t\t\talt=\"2021_01_12_20_20_19_517\"\n\t\t\t\t\tsrc=\"https:\/\/lyceejeanracine.fr\/wdps\/wp-content\/gallery\/atmfc-bonne-annee\/thumbs\/thumbs_2021_01_12_20_20_19_517.jpg\"\n\t\t\t\t\twidth=\"240\"\n\t\t\t\t\theight=\"160\"\n\t\t\t\t\tstyle=\"max-width:100%;\"\n\t\t\t\t\/>\n\t\t\t<\/a>\n\t\t<\/div>\n\t\t\t\t\t\t\t<\/div> \n\t\t\t\n\t\t\t\t<div id=\"ngg-image-3\" class=\"ngg-gallery-thumbnail-box \n\t\t\t\t\t\t\t\t\t\t\t\" \n\t\t\t>\n\t\t\t\t\t\t<div class=\"ngg-gallery-thumbnail\">\n\t\t\t<a href=\"https:\/\/lyceejeanracine.fr\/wdps\/wp-content\/gallery\/atmfc-bonne-annee\/20210120_172718.jpg\"\n\t\t\t\ttitle=\"\"\n\t\t\t\tdata-src=\"https:\/\/lyceejeanracine.fr\/wdps\/wp-content\/gallery\/atmfc-bonne-annee\/20210120_172718.jpg\"\n\t\t\t\tdata-thumbnail=\"https:\/\/lyceejeanracine.fr\/wdps\/wp-content\/gallery\/atmfc-bonne-annee\/thumbs\/thumbs_20210120_172718.jpg\"\n\t\t\t\tdata-image-id=\"647\"\n\t\t\t\tdata-title=\"20210120_172718\"\n\t\t\t\tdata-description=\"\"\n\t\t\t\tdata-image-slug=\"20210120_172718\"\n\t\t\t\tclass=\"ngg-fancybox\" rel=\"f1dd2942cb7206508283af1163d31315\">\n\t\t\t\t<img\n\t\t\t\t\ttitle=\"20210120_172718\"\n\t\t\t\t\talt=\"20210120_172718\"\n\t\t\t\t\tsrc=\"https:\/\/lyceejeanracine.fr\/wdps\/wp-content\/gallery\/atmfc-bonne-annee\/thumbs\/thumbs_20210120_172718.jpg\"\n\t\t\t\t\twidth=\"240\"\n\t\t\t\t\theight=\"160\"\n\t\t\t\t\tstyle=\"max-width:100%;\"\n\t\t\t\t\/>\n\t\t\t<\/a>\n\t\t<\/div>\n\t\t\t\t\t\t\t<\/div> \n\t\t\t\n\t\t\t\t<div id=\"ngg-image-4\" class=\"ngg-gallery-thumbnail-box \n\t\t\t\t\t\t\t\t\t\t\t\" \n\t\t\t>\n\t\t\t\t\t\t<div class=\"ngg-gallery-thumbnail\">\n\t\t\t<a href=\"https:\/\/lyceejeanracine.fr\/wdps\/wp-content\/gallery\/atmfc-bonne-annee\/20210120_172732.jpg\"\n\t\t\t\ttitle=\"\"\n\t\t\t\tdata-src=\"https:\/\/lyceejeanracine.fr\/wdps\/wp-content\/gallery\/atmfc-bonne-annee\/20210120_172732.jpg\"\n\t\t\t\tdata-thumbnail=\"https:\/\/lyceejeanracine.fr\/wdps\/wp-content\/gallery\/atmfc-bonne-annee\/thumbs\/thumbs_20210120_172732.jpg\"\n\t\t\t\tdata-image-id=\"648\"\n\t\t\t\tdata-title=\"20210120_172732\"\n\t\t\t\tdata-description=\"\"\n\t\t\t\tdata-image-slug=\"20210120_172732\"\n\t\t\t\tclass=\"ngg-fancybox\" rel=\"f1dd2942cb7206508283af1163d31315\">\n\t\t\t\t<img\n\t\t\t\t\ttitle=\"20210120_172732\"\n\t\t\t\t\talt=\"20210120_172732\"\n\t\t\t\t\tsrc=\"https:\/\/lyceejeanracine.fr\/wdps\/wp-content\/gallery\/atmfc-bonne-annee\/thumbs\/thumbs_20210120_172732.jpg\"\n\t\t\t\t\twidth=\"240\"\n\t\t\t\t\theight=\"160\"\n\t\t\t\t\tstyle=\"max-width:100%;\"\n\t\t\t\t\/>\n\t\t\t<\/a>\n\t\t<\/div>\n\t\t\t\t\t\t\t<\/div> \n\t\t\t\n\t\n\t<br style=\"clear: both\" \/>\n\n\t\t<div class=\"slideshowlink\">\n\t\t<a href='https:\/\/lyceejeanracine.fr\/wdps\/index.php\/2021\/01\/20\/la-nouvelle-annee-avec-les-tatmfc\/nggallery\/slideshow'>[Montrer sous forme de diaporama]<\/a>\n\t\t\n\t<\/div>\n\t\n\t\t<!-- Pagination -->\n\t\t<div class='ngg-clear'><\/div>\t<\/div>\n\n","protected":false},"excerpt":{"rendered":"<p>Le lundi 11 janvier et le mardi 12 janvier les TATMFC ont f\u00eat\u00e9 la nouvelle ann\u00e9e. Au menu de bons petits plats r\u00e9alis\u00e9s par les \u00e9l\u00e8ves tr\u00e8s fiers de pr\u00e9senter leur travail au personnel de direction et \u00e0 des enseignants.<br \/>Une belle prestation avec de belles pr\u00e9sentations et des saveurs au rendez vous. Les convives se &hellip; <\/p>\n<p><a class=\"more-link btn\" href=\"https:\/\/lyceejeanracine.fr\/wdps\/index.php\/2021\/01\/20\/la-nouvelle-annee-avec-les-tatmfc\/\">Lire la suite<\/a><\/p>\n","protected":false},"author":1,"featured_media":4513,"comment_status":"open","ping_status":"open","sticky":false,"template":"","format":"standard","meta":{"ngg_post_thumbnail":0,"footnotes":""},"categories":[42,7,4],"tags":[],"post_mailing_queue_ids":[],"_links":{"self":[{"href":"https:\/\/lyceejeanracine.fr\/wdps\/index.php\/wp-json\/wp\/v2\/posts\/4508"}],"collection":[{"href":"https:\/\/lyceejeanracine.fr\/wdps\/index.php\/wp-json\/wp\/v2\/posts"}],"about":[{"href":"https:\/\/lyceejeanracine.fr\/wdps\/index.php\/wp-json\/wp\/v2\/types\/post"}],"author":[{"embeddable":true,"href":"https:\/\/lyceejeanracine.fr\/wdps\/index.php\/wp-json\/wp\/v2\/users\/1"}],"replies":[{"embeddable":true,"href":"https:\/\/lyceejeanracine.fr\/wdps\/index.php\/wp-json\/wp\/v2\/comments?post=4508"}],"version-history":[{"count":3,"href":"https:\/\/lyceejeanracine.fr\/wdps\/index.php\/wp-json\/wp\/v2\/posts\/4508\/revisions"}],"predecessor-version":[{"id":4524,"href":"https:\/\/lyceejeanracine.fr\/wdps\/index.php\/wp-json\/wp\/v2\/posts\/4508\/revisions\/4524"}],"wp:featuredmedia":[{"embeddable":true,"href":"https:\/\/lyceejeanracine.fr\/wdps\/index.php\/wp-json\/wp\/v2\/media\/4513"}],"wp:attachment":[{"href":"https:\/\/lyceejeanracine.fr\/wdps\/index.php\/wp-json\/wp\/v2\/media?parent=4508"}],"wp:term":[{"taxonomy":"category","embeddable":true,"href":"https:\/\/lyceejeanracine.fr\/wdps\/index.php\/wp-json\/wp\/v2\/categories?post=4508"},{"taxonomy":"post_tag","embeddable":true,"href":"https:\/\/lyceejeanracine.fr\/wdps\/index.php\/wp-json\/wp\/v2\/tags?post=4508"}],"curies":[{"name":"wp","href":"https:\/\/api.w.org\/{rel}","templated":true}]}}