{"id":5228,"date":"2021-09-16T21:22:55","date_gmt":"2021-09-16T19:22:55","guid":{"rendered":"https:\/\/lyceejeanracine.fr\/wdps\/?p=5228"},"modified":"2021-10-01T21:37:58","modified_gmt":"2021-10-01T19:37:58","slug":"service-civique","status":"publish","type":"post","link":"https:\/\/lyceejeanracine.fr\/wdps\/index.php\/2021\/09\/16\/service-civique\/","title":{"rendered":"Service civique"},"content":{"rendered":"\n<div class=\"wp-block-image\"><figure class=\"alignleft size-full\"><img loading=\"lazy\" decoding=\"async\" width=\"251\" height=\"201\" src=\"https:\/\/lyceejeanracine.fr\/wdps\/wp-content\/uploads\/2021\/09\/service_civique.png\" alt=\"\" class=\"wp-image-5229\"\/><\/figure><\/div>\n\n\n\n<p>Le LPO Jean Racine de Montdidier recrute deux volontaires en service civique pour des contrats de 6 \u00e0 10 mois. <br>Les candidats devront \u00eatre \u00e2g\u00e9s de 18 \u00e0 25 ans, sans condition de dipl\u00f4mes particuli\u00e8res.<br>La dur\u00e9e d&rsquo;activit\u00e9 hebdomadaire sera de 30h.<br>La r\u00e9mun\u00e9ration mensuelle est de 580 euro net.<br>Les deux volontaires , en collaboration avec la direction du lyc\u00e9e et les CPE, seront affect\u00e9s \u00e0 des t\u00e2ches de lutte contre le d\u00e9crochage scolaire et de lutte contre l\u2019absent\u00e9isme.<br><\/p>\n\n\n\n<p>Les candidatures (lettre de motivation et CV) sont \u00e0 adresser \u00e0 <a href=\"mailto:ce.0801853e@ac-amiens.fr\">ce.0801853e@ac-amiens.fr<\/a> \u00e0 l&rsquo;attention de Laurent Martinel, proviseur.<\/p>\n","protected":false},"excerpt":{"rendered":"<p>Le LPO Jean Racine de Montdidier recrute deux volontaires en service civique pour des contrats de 6 \u00e0 10 mois. <br \/>Les candidats devront \u00eatre \u00e2g\u00e9s de 18 \u00e0 25 ans, sans condition de dipl\u00f4mes particuli\u00e8res.<br \/>La dur\u00e9e d&rsquo;activit\u00e9 hebdomadaire sera de 30h.<br \/>La r\u00e9mun\u00e9ration mensuelle est de 580 euro net.<br \/>Les deux volontaires , en collaboration avec la &hellip; <\/p>\n<p><a class=\"more-link btn\" href=\"https:\/\/lyceejeanracine.fr\/wdps\/index.php\/2021\/09\/16\/service-civique\/\">Lire la suite<\/a><\/p>\n","protected":false},"author":1,"featured_media":5229,"comment_status":"open","ping_status":"open","sticky":false,"template":"","format":"standard","meta":{"ngg_post_thumbnail":0,"footnotes":""},"categories":[58],"tags":[],"post_mailing_queue_ids":[],"_links":{"self":[{"href":"https:\/\/lyceejeanracine.fr\/wdps\/index.php\/wp-json\/wp\/v2\/posts\/5228"}],"collection":[{"href":"https:\/\/lyceejeanracine.fr\/wdps\/index.php\/wp-json\/wp\/v2\/posts"}],"about":[{"href":"https:\/\/lyceejeanracine.fr\/wdps\/index.php\/wp-json\/wp\/v2\/types\/post"}],"author":[{"embeddable":true,"href":"https:\/\/lyceejeanracine.fr\/wdps\/index.php\/wp-json\/wp\/v2\/users\/1"}],"replies":[{"embeddable":true,"href":"https:\/\/lyceejeanracine.fr\/wdps\/index.php\/wp-json\/wp\/v2\/comments?post=5228"}],"version-history":[{"count":1,"href":"https:\/\/lyceejeanracine.fr\/wdps\/index.php\/wp-json\/wp\/v2\/posts\/5228\/revisions"}],"predecessor-version":[{"id":5230,"href":"https:\/\/lyceejeanracine.fr\/wdps\/index.php\/wp-json\/wp\/v2\/posts\/5228\/revisions\/5230"}],"wp:featuredmedia":[{"embeddable":true,"href":"https:\/\/lyceejeanracine.fr\/wdps\/index.php\/wp-json\/wp\/v2\/media\/5229"}],"wp:attachment":[{"href":"https:\/\/lyceejeanracine.fr\/wdps\/index.php\/wp-json\/wp\/v2\/media?parent=5228"}],"wp:term":[{"taxonomy":"category","embeddable":true,"href":"https:\/\/lyceejeanracine.fr\/wdps\/index.php\/wp-json\/wp\/v2\/categories?post=5228"},{"taxonomy":"post_tag","embeddable":true,"href":"https:\/\/lyceejeanracine.fr\/wdps\/index.php\/wp-json\/wp\/v2\/tags?post=5228"}],"curies":[{"name":"wp","href":"https:\/\/api.w.org\/{rel}","templated":true}]}}