{"id":5231,"date":"2021-09-17T15:29:49","date_gmt":"2021-09-17T13:29:49","guid":{"rendered":"https:\/\/lyceejeanracine.fr\/wdps\/?p=5231"},"modified":"2021-10-01T21:38:07","modified_gmt":"2021-10-01T19:38:07","slug":"vaccination-2","status":"publish","type":"post","link":"https:\/\/lyceejeanracine.fr\/wdps\/index.php\/2021\/09\/17\/vaccination-2\/","title":{"rendered":"Vaccination"},"content":{"rendered":"\n<div class=\"wp-block-image\"><figure class=\"alignleft size-full\"><img loading=\"lazy\" decoding=\"async\" width=\"360\" height=\"230\" src=\"https:\/\/lyceejeanracine.fr\/wdps\/wp-content\/uploads\/2021\/08\/vaccination-covid-19.jpg\" alt=\"\" class=\"wp-image-5197\" srcset=\"https:\/\/lyceejeanracine.fr\/wdps\/wp-content\/uploads\/2021\/08\/vaccination-covid-19.jpg 360w, https:\/\/lyceejeanracine.fr\/wdps\/wp-content\/uploads\/2021\/08\/vaccination-covid-19-300x192.jpg 300w\" sizes=\"(max-width: 360px) 100vw, 360px\" \/><\/figure><\/div>\n\n\n\n<p>Mmes et MM les parents d&rsquo;\u00e9l\u00e8ves,<br>Mmes et MM. Les \u00e9l\u00e8ves,<br>Le lyc\u00e9e organise une 3\u00e8me journ\u00e9e de vaccination \u00e0<br>l&rsquo;attention des \u00e9l\u00e8ves qui ne sont pas vaccin\u00e9s \u00e0 ce jour.<br>Des cr\u00e9neaux sont encore disponibles sur cette journ\u00e9e<br>qui se d\u00e9roulera le lundi 27 septembre 2021.<br>Il est donc possible de s&rsquo;inscrire aupr\u00e8s du secr\u00e9tariat \u00e9l\u00e8ves<br>en compl\u00e9tant les deux documents qui sont en pi\u00e8ces jointes :<br>&#8211; l&rsquo;autorisation parentale,<br>&#8211; le questionnaire pr\u00e9-vaccinal.<br>\u00a0<br>Attention, l&rsquo;autorisation parentale n&rsquo;est \u00e0 remplir que pour<br>les \u00e9l\u00e8ves de moins de 16 ans.<br>\u00a0<br>Bien cordialement,<br>Laurent Martinel<br>Proviseur<\/p>\n","protected":false},"excerpt":{"rendered":"<p>Mmes et MM les parents d&rsquo;\u00e9l\u00e8ves,<br \/>Mmes et MM. Les \u00e9l\u00e8ves,<br \/>Le lyc\u00e9e organise une 3\u00e8me journ\u00e9e de vaccination \u00e0<br \/>l&rsquo;attention des \u00e9l\u00e8ves qui ne sont pas vaccin\u00e9s \u00e0 ce jour.<br \/>Des cr\u00e9neaux sont encore disponibles sur cette journ\u00e9e<br \/>qui se d\u00e9roulera le lundi 27 septembre 2021.<br \/>Il est donc possible de s&rsquo;inscrire aupr\u00e8s du secr\u00e9tariat \u00e9l\u00e8ves<br \/>en compl\u00e9tant les deux documents &hellip; <\/p>\n<p><a class=\"more-link btn\" href=\"https:\/\/lyceejeanracine.fr\/wdps\/index.php\/2021\/09\/17\/vaccination-2\/\">Lire la suite<\/a><\/p>\n","protected":false},"author":1,"featured_media":5197,"comment_status":"open","ping_status":"open","sticky":false,"template":"","format":"standard","meta":{"ngg_post_thumbnail":0,"footnotes":""},"categories":[58,49,4],"tags":[],"post_mailing_queue_ids":[],"_links":{"self":[{"href":"https:\/\/lyceejeanracine.fr\/wdps\/index.php\/wp-json\/wp\/v2\/posts\/5231"}],"collection":[{"href":"https:\/\/lyceejeanracine.fr\/wdps\/index.php\/wp-json\/wp\/v2\/posts"}],"about":[{"href":"https:\/\/lyceejeanracine.fr\/wdps\/index.php\/wp-json\/wp\/v2\/types\/post"}],"author":[{"embeddable":true,"href":"https:\/\/lyceejeanracine.fr\/wdps\/index.php\/wp-json\/wp\/v2\/users\/1"}],"replies":[{"embeddable":true,"href":"https:\/\/lyceejeanracine.fr\/wdps\/index.php\/wp-json\/wp\/v2\/comments?post=5231"}],"version-history":[{"count":2,"href":"https:\/\/lyceejeanracine.fr\/wdps\/index.php\/wp-json\/wp\/v2\/posts\/5231\/revisions"}],"predecessor-version":[{"id":5233,"href":"https:\/\/lyceejeanracine.fr\/wdps\/index.php\/wp-json\/wp\/v2\/posts\/5231\/revisions\/5233"}],"wp:featuredmedia":[{"embeddable":true,"href":"https:\/\/lyceejeanracine.fr\/wdps\/index.php\/wp-json\/wp\/v2\/media\/5197"}],"wp:attachment":[{"href":"https:\/\/lyceejeanracine.fr\/wdps\/index.php\/wp-json\/wp\/v2\/media?parent=5231"}],"wp:term":[{"taxonomy":"category","embeddable":true,"href":"https:\/\/lyceejeanracine.fr\/wdps\/index.php\/wp-json\/wp\/v2\/categories?post=5231"},{"taxonomy":"post_tag","embeddable":true,"href":"https:\/\/lyceejeanracine.fr\/wdps\/index.php\/wp-json\/wp\/v2\/tags?post=5231"}],"curies":[{"name":"wp","href":"https:\/\/api.w.org\/{rel}","templated":true}]}}