{"id":5263,"date":"2021-10-03T18:35:07","date_gmt":"2021-10-03T16:35:07","guid":{"rendered":"https:\/\/lyceejeanracine.fr\/wdps\/?p=5263"},"modified":"2021-10-03T18:35:08","modified_gmt":"2021-10-03T16:35:08","slug":"diaporama-des-reunions-de-rentree","status":"publish","type":"post","link":"https:\/\/lyceejeanracine.fr\/wdps\/index.php\/2021\/10\/03\/diaporama-des-reunions-de-rentree\/","title":{"rendered":"Diaporama des r\u00e9unions de rentr\u00e9e"},"content":{"rendered":"\n<p>En cliquant sur les liens ci-dessous, vous pourrez retrouver les diaporamas pr\u00e9sent\u00e9s pendant les deux r\u00e9unions de rentr\u00e9e avec les parents d&rsquo;\u00e9l\u00e8ves:<\/p>\n\n\n\n<ul><li><a href=\"https:\/\/lyceejeanracine.fr\/wdps\/wp-content\/uploads\/2021\/10\/Diaporama-Reunion-Parents-Seconde-1ereCAP.pdf\" target=\"_blank\" rel=\"noreferrer noopener\">Diaporama de la r\u00e9union d&rsquo;informations parents pour les classes de Secondes et 1\u00e8re CAP<\/a><\/li><li><a href=\"https:\/\/lyceejeanracine.fr\/wdps\/wp-content\/uploads\/2021\/10\/Diaporama-Reunion-Parents-1ere-Terminale.pdf\" target=\"_blank\" rel=\"noreferrer noopener\">Diaporama de la r\u00e9union d&rsquo;informations parents pour les classes de premi\u00e8res et terminales<\/a><\/li><\/ul>\n","protected":false},"excerpt":{"rendered":"<p>En cliquant sur les liens ci-dessous, vous pourrez retrouver les diaporamas pr\u00e9sent\u00e9s pendant les deux r\u00e9unions de rentr\u00e9e avec les parents d&rsquo;\u00e9l\u00e8ves:<\/p>\n<ul>\n<li><a href=\"https:\/\/lyceejeanracine.fr\/wdps\/wp-content\/uploads\/2021\/10\/Diaporama-Reunion-Parents-Seconde-1ereCAP.pdf\" target=\"_blank\" rel=\"noreferrer noopener\">Diaporama de la r\u00e9union d&rsquo;informations parents pour les classes de Secondes et 1\u00e8re CAP<\/a><\/li>\n<li><a href=\"https:\/\/lyceejeanracine.fr\/wdps\/wp-content\/uploads\/2021\/10\/Diaporama-Reunion-Parents-1ere-Terminale.pdf\" target=\"_blank\" rel=\"noreferrer noopener\">Diaporama de la r\u00e9union d&rsquo;informations parents pour les classes de premi\u00e8res et &hellip;\n<p><a class=\"more-link btn\" href=\"https:\/\/lyceejeanracine.fr\/wdps\/index.php\/2021\/10\/03\/diaporama-des-reunions-de-rentree\/\">Lire la suite<\/a><\/p>\n<p><\/a><\/li>\n<\/ul>\n","protected":false},"author":1,"featured_media":2577,"comment_status":"open","ping_status":"open","sticky":false,"template":"","format":"standard","meta":{"ngg_post_thumbnail":0,"footnotes":""},"categories":[58,7],"tags":[],"post_mailing_queue_ids":[],"_links":{"self":[{"href":"https:\/\/lyceejeanracine.fr\/wdps\/index.php\/wp-json\/wp\/v2\/posts\/5263"}],"collection":[{"href":"https:\/\/lyceejeanracine.fr\/wdps\/index.php\/wp-json\/wp\/v2\/posts"}],"about":[{"href":"https:\/\/lyceejeanracine.fr\/wdps\/index.php\/wp-json\/wp\/v2\/types\/post"}],"author":[{"embeddable":true,"href":"https:\/\/lyceejeanracine.fr\/wdps\/index.php\/wp-json\/wp\/v2\/users\/1"}],"replies":[{"embeddable":true,"href":"https:\/\/lyceejeanracine.fr\/wdps\/index.php\/wp-json\/wp\/v2\/comments?post=5263"}],"version-history":[{"count":1,"href":"https:\/\/lyceejeanracine.fr\/wdps\/index.php\/wp-json\/wp\/v2\/posts\/5263\/revisions"}],"predecessor-version":[{"id":5266,"href":"https:\/\/lyceejeanracine.fr\/wdps\/index.php\/wp-json\/wp\/v2\/posts\/5263\/revisions\/5266"}],"wp:featuredmedia":[{"embeddable":true,"href":"https:\/\/lyceejeanracine.fr\/wdps\/index.php\/wp-json\/wp\/v2\/media\/2577"}],"wp:attachment":[{"href":"https:\/\/lyceejeanracine.fr\/wdps\/index.php\/wp-json\/wp\/v2\/media?parent=5263"}],"wp:term":[{"taxonomy":"category","embeddable":true,"href":"https:\/\/lyceejeanracine.fr\/wdps\/index.php\/wp-json\/wp\/v2\/categories?post=5263"},{"taxonomy":"post_tag","embeddable":true,"href":"https:\/\/lyceejeanracine.fr\/wdps\/index.php\/wp-json\/wp\/v2\/tags?post=5263"}],"curies":[{"name":"wp","href":"https:\/\/api.w.org\/{rel}","templated":true}]}}