{"id":5278,"date":"2021-10-08T07:39:35","date_gmt":"2021-10-08T05:39:35","guid":{"rendered":"https:\/\/lyceejeanracine.fr\/wdps\/?p=5278"},"modified":"2021-10-08T07:39:36","modified_gmt":"2021-10-08T05:39:36","slug":"journee-de-la-citoyennete","status":"publish","type":"post","link":"https:\/\/lyceejeanracine.fr\/wdps\/index.php\/2021\/10\/08\/journee-de-la-citoyennete\/","title":{"rendered":"Journ\u00e9e de la citoyennet\u00e9"},"content":{"rendered":"\n<p>Mardi 5 octobre 2021 : Les options EPS 1\u00e8re et terminale ont particip\u00e9 \u00e0 la journ\u00e9e de la citoyennet\u00e9. <\/p>\n\n\n\n<figure class=\"wp-block-gallery columns-2 is-cropped wp-block-gallery-1 is-layout-flex wp-block-gallery-is-layout-flex\"><ul class=\"blocks-gallery-grid\"><li class=\"blocks-gallery-item\"><figure><img loading=\"lazy\" decoding=\"async\" width=\"768\" height=\"1024\" src=\"https:\/\/lyceejeanracine.fr\/wdps\/wp-content\/uploads\/2021\/10\/photo1-1-768x1024.jpeg\" alt=\"\" data-id=\"5279\" data-full-url=\"https:\/\/lyceejeanracine.fr\/wdps\/wp-content\/uploads\/2021\/10\/photo1-1-scaled.jpeg\" data-link=\"https:\/\/lyceejeanracine.fr\/wdps\/?attachment_id=5279\" class=\"wp-image-5279\" srcset=\"https:\/\/lyceejeanracine.fr\/wdps\/wp-content\/uploads\/2021\/10\/photo1-1-768x1024.jpeg 768w, https:\/\/lyceejeanracine.fr\/wdps\/wp-content\/uploads\/2021\/10\/photo1-1-225x300.jpeg 225w, https:\/\/lyceejeanracine.fr\/wdps\/wp-content\/uploads\/2021\/10\/photo1-1-1152x1536.jpeg 1152w, https:\/\/lyceejeanracine.fr\/wdps\/wp-content\/uploads\/2021\/10\/photo1-1-1536x2048.jpeg 1536w, https:\/\/lyceejeanracine.fr\/wdps\/wp-content\/uploads\/2021\/10\/photo1-1-750x1000.jpeg 750w, https:\/\/lyceejeanracine.fr\/wdps\/wp-content\/uploads\/2021\/10\/photo1-1-scaled.jpeg 1920w\" sizes=\"(max-width: 768px) 100vw, 768px\" \/><\/figure><\/li><li class=\"blocks-gallery-item\"><figure><img loading=\"lazy\" decoding=\"async\" width=\"768\" height=\"1024\" src=\"https:\/\/lyceejeanracine.fr\/wdps\/wp-content\/uploads\/2021\/10\/photo2-1-768x1024.jpeg\" alt=\"\" data-id=\"5280\" data-full-url=\"https:\/\/lyceejeanracine.fr\/wdps\/wp-content\/uploads\/2021\/10\/photo2-1-scaled.jpeg\" data-link=\"https:\/\/lyceejeanracine.fr\/wdps\/?attachment_id=5280\" class=\"wp-image-5280\" srcset=\"https:\/\/lyceejeanracine.fr\/wdps\/wp-content\/uploads\/2021\/10\/photo2-1-768x1024.jpeg 768w, https:\/\/lyceejeanracine.fr\/wdps\/wp-content\/uploads\/2021\/10\/photo2-1-225x300.jpeg 225w, https:\/\/lyceejeanracine.fr\/wdps\/wp-content\/uploads\/2021\/10\/photo2-1-1152x1536.jpeg 1152w, https:\/\/lyceejeanracine.fr\/wdps\/wp-content\/uploads\/2021\/10\/photo2-1-1536x2048.jpeg 1536w, https:\/\/lyceejeanracine.fr\/wdps\/wp-content\/uploads\/2021\/10\/photo2-1-750x1000.jpeg 750w, https:\/\/lyceejeanracine.fr\/wdps\/wp-content\/uploads\/2021\/10\/photo2-1-scaled.jpeg 1920w\" sizes=\"(max-width: 768px) 100vw, 768px\" \/><\/figure><\/li><\/ul><\/figure>\n","protected":false},"excerpt":{"rendered":"<p>Mardi 5 octobre 2021 : Les options EPS 1\u00e8re et terminale ont particip\u00e9 \u00e0 la journ\u00e9e de la citoyennet\u00e9. <\/p>\n<ul class=\"blocks-gallery-grid\">\n<li class=\"blocks-gallery-item\"><\/li>\n<li class=\"blocks-gallery-item\"><\/li>\n<\/ul>\n","protected":false},"author":1,"featured_media":5280,"comment_status":"open","ping_status":"open","sticky":false,"template":"","format":"standard","meta":{"ngg_post_thumbnail":0,"footnotes":""},"categories":[26,7,4],"tags":[],"post_mailing_queue_ids":[],"_links":{"self":[{"href":"https:\/\/lyceejeanracine.fr\/wdps\/index.php\/wp-json\/wp\/v2\/posts\/5278"}],"collection":[{"href":"https:\/\/lyceejeanracine.fr\/wdps\/index.php\/wp-json\/wp\/v2\/posts"}],"about":[{"href":"https:\/\/lyceejeanracine.fr\/wdps\/index.php\/wp-json\/wp\/v2\/types\/post"}],"author":[{"embeddable":true,"href":"https:\/\/lyceejeanracine.fr\/wdps\/index.php\/wp-json\/wp\/v2\/users\/1"}],"replies":[{"embeddable":true,"href":"https:\/\/lyceejeanracine.fr\/wdps\/index.php\/wp-json\/wp\/v2\/comments?post=5278"}],"version-history":[{"count":1,"href":"https:\/\/lyceejeanracine.fr\/wdps\/index.php\/wp-json\/wp\/v2\/posts\/5278\/revisions"}],"predecessor-version":[{"id":5281,"href":"https:\/\/lyceejeanracine.fr\/wdps\/index.php\/wp-json\/wp\/v2\/posts\/5278\/revisions\/5281"}],"wp:featuredmedia":[{"embeddable":true,"href":"https:\/\/lyceejeanracine.fr\/wdps\/index.php\/wp-json\/wp\/v2\/media\/5280"}],"wp:attachment":[{"href":"https:\/\/lyceejeanracine.fr\/wdps\/index.php\/wp-json\/wp\/v2\/media?parent=5278"}],"wp:term":[{"taxonomy":"category","embeddable":true,"href":"https:\/\/lyceejeanracine.fr\/wdps\/index.php\/wp-json\/wp\/v2\/categories?post=5278"},{"taxonomy":"post_tag","embeddable":true,"href":"https:\/\/lyceejeanracine.fr\/wdps\/index.php\/wp-json\/wp\/v2\/tags?post=5278"}],"curies":[{"name":"wp","href":"https:\/\/api.w.org\/{rel}","templated":true}]}}