{"id":5586,"date":"2021-11-12T10:45:45","date_gmt":"2021-11-12T09:45:45","guid":{"rendered":"https:\/\/lyceejeanracine.fr\/wdps\/?p=5586"},"modified":"2021-11-23T21:30:39","modified_gmt":"2021-11-23T20:30:39","slug":"presentation-du-projet-devaluation","status":"publish","type":"post","link":"https:\/\/lyceejeanracine.fr\/wdps\/index.php\/2021\/11\/12\/presentation-du-projet-devaluation\/","title":{"rendered":"Pr\u00e9sentation du projet d&rsquo;\u00e9valuation"},"content":{"rendered":"\n<p>Mmes et MM. les parents d&rsquo;\u00e9l\u00e8ves des classes du LGT,<\/p>\n\n\n\n<div class=\"wp-block-image\"><figure class=\"alignleft size-thumbnail\"><img loading=\"lazy\" decoding=\"async\" width=\"100\" height=\"100\" src=\"https:\/\/lyceejeanracine.fr\/wdps\/wp-content\/uploads\/2020\/02\/Map_symbol_info_point_02-100x100.png\" alt=\"\" class=\"wp-image-3813\" srcset=\"https:\/\/lyceejeanracine.fr\/wdps\/wp-content\/uploads\/2020\/02\/Map_symbol_info_point_02-100x100.png 100w, https:\/\/lyceejeanracine.fr\/wdps\/wp-content\/uploads\/2020\/02\/Map_symbol_info_point_02-300x300.png 300w, https:\/\/lyceejeanracine.fr\/wdps\/wp-content\/uploads\/2020\/02\/Map_symbol_info_point_02.png 440w\" sizes=\"(max-width: 100px) 100vw, 100px\" \/><\/figure><\/div>\n\n\n\n<p>Veuillez trouver, ci-dessous, une invitation \u00e0 une r\u00e9union de pr\u00e9sentation du projet d&rsquo;\u00e9valuation pour les classes de premi\u00e8re et terminale du LGT. Seuls les parents des \u00e9l\u00e8ves de ces classes sont donc concern\u00e9s par cette r\u00e9union (1G1 \u00e0 1G6 &#8211; 1STMG &#8211; 1STI2D &#8211; TG1 \u00e0 TG5 &#8211; TSTMG &#8211; TSTI2D) : <\/p>\n\n\n\n<p><a href=\"https:\/\/lyceejeanracine.fr\/wdps\/wp-content\/uploads\/2021\/11\/invit-reunion-parents-18-11.pdf\" target=\"_blank\" rel=\"noreferrer noopener\">Consulter l&rsquo;invitation pour le projet d&rsquo;\u00e9valuation des classes de premi\u00e8res et terminales<\/a><\/p>\n\n\n\n<p>Bien cordialement,<\/p>\n\n\n\n<p>L. Martinel (proviseur du lyc\u00e9e)<\/p>\n","protected":false},"excerpt":{"rendered":"<p>Mmes et MM. les parents d&rsquo;\u00e9l\u00e8ves des classes du LGT,<\/p>\n<p>Veuillez trouver, ci-dessous, une invitation \u00e0 une r\u00e9union de pr\u00e9sentation du projet d&rsquo;\u00e9valuation pour les classes de premi\u00e8re et terminale du LGT. Seuls les parents des \u00e9l\u00e8ves de ces classes sont donc concern\u00e9s par cette r\u00e9union (1G1 \u00e0 1G6 &#8211; 1STMG &#8211; 1STI2D &#8211; TG1 &hellip; <\/p>\n<p><a class=\"more-link btn\" href=\"https:\/\/lyceejeanracine.fr\/wdps\/index.php\/2021\/11\/12\/presentation-du-projet-devaluation\/\">Lire la suite<\/a><\/p>\n","protected":false},"author":1,"featured_media":3813,"comment_status":"open","ping_status":"open","sticky":false,"template":"","format":"standard","meta":{"ngg_post_thumbnail":0,"footnotes":""},"categories":[58,7],"tags":[],"post_mailing_queue_ids":[],"_links":{"self":[{"href":"https:\/\/lyceejeanracine.fr\/wdps\/index.php\/wp-json\/wp\/v2\/posts\/5586"}],"collection":[{"href":"https:\/\/lyceejeanracine.fr\/wdps\/index.php\/wp-json\/wp\/v2\/posts"}],"about":[{"href":"https:\/\/lyceejeanracine.fr\/wdps\/index.php\/wp-json\/wp\/v2\/types\/post"}],"author":[{"embeddable":true,"href":"https:\/\/lyceejeanracine.fr\/wdps\/index.php\/wp-json\/wp\/v2\/users\/1"}],"replies":[{"embeddable":true,"href":"https:\/\/lyceejeanracine.fr\/wdps\/index.php\/wp-json\/wp\/v2\/comments?post=5586"}],"version-history":[{"count":2,"href":"https:\/\/lyceejeanracine.fr\/wdps\/index.php\/wp-json\/wp\/v2\/posts\/5586\/revisions"}],"predecessor-version":[{"id":5590,"href":"https:\/\/lyceejeanracine.fr\/wdps\/index.php\/wp-json\/wp\/v2\/posts\/5586\/revisions\/5590"}],"wp:featuredmedia":[{"embeddable":true,"href":"https:\/\/lyceejeanracine.fr\/wdps\/index.php\/wp-json\/wp\/v2\/media\/3813"}],"wp:attachment":[{"href":"https:\/\/lyceejeanracine.fr\/wdps\/index.php\/wp-json\/wp\/v2\/media?parent=5586"}],"wp:term":[{"taxonomy":"category","embeddable":true,"href":"https:\/\/lyceejeanracine.fr\/wdps\/index.php\/wp-json\/wp\/v2\/categories?post=5586"},{"taxonomy":"post_tag","embeddable":true,"href":"https:\/\/lyceejeanracine.fr\/wdps\/index.php\/wp-json\/wp\/v2\/tags?post=5586"}],"curies":[{"name":"wp","href":"https:\/\/api.w.org\/{rel}","templated":true}]}}