{"id":5639,"date":"2021-12-01T22:25:09","date_gmt":"2021-12-01T21:25:09","guid":{"rendered":"https:\/\/lyceejeanracine.fr\/wdps\/?p=5639"},"modified":"2021-12-01T22:25:10","modified_gmt":"2021-12-01T21:25:10","slug":"il-y-a-5-ans-au-lycee-jean-racine","status":"publish","type":"post","link":"https:\/\/lyceejeanracine.fr\/wdps\/index.php\/2021\/12\/01\/il-y-a-5-ans-au-lycee-jean-racine\/","title":{"rendered":"Il y a 5 ans au lyc\u00e9e Jean Racine&#8230;."},"content":{"rendered":"\n<p>Dans le cadre d&rsquo;une journ\u00e9e pour le t\u00e9l\u00e9thon, le lyc\u00e9e g\u00e9n\u00e9ral et professionnel Jean Racine de Montdidier (Picardie, Somme) a organis\u00e9 un mannequin challenge g\u00e9ant. Un tiers des 1200 \u00e9l\u00e8ves et professeurs de cet \u00e9tablissement ont jou\u00e9 le jeu&#8230; pour un r\u00e9sultat bluffant !<\/p>\n\n\n\n<figure class=\"wp-block-embed is-type-video is-provider-youtube wp-block-embed-youtube wp-embed-aspect-4-3 wp-has-aspect-ratio\"><div class=\"wp-block-embed__wrapper\">\n<iframe loading=\"lazy\" title=\"Le lyc\u00e9e Jean Racine (Montdidier) fait son &quot;mannequin challenge&quot;\" width=\"750\" height=\"563\" src=\"https:\/\/www.youtube.com\/embed\/j6vqGTg2Ngc?feature=oembed\" frameborder=\"0\" allow=\"accelerometer; autoplay; clipboard-write; encrypted-media; gyroscope; picture-in-picture\" allowfullscreen><\/iframe>\n<\/div><\/figure>\n","protected":false},"excerpt":{"rendered":"<p>Dans le cadre d&rsquo;une journ\u00e9e pour le t\u00e9l\u00e9thon, le lyc\u00e9e g\u00e9n\u00e9ral et professionnel Jean Racine de Montdidier (Picardie, Somme) a organis\u00e9 un mannequin challenge g\u00e9ant. Un tiers des 1200 \u00e9l\u00e8ves et professeurs de cet \u00e9tablissement ont jou\u00e9 le jeu&#8230; pour un r\u00e9sultat bluffant !<\/p>\n","protected":false},"author":1,"featured_media":5640,"comment_status":"open","ping_status":"open","sticky":false,"template":"","format":"standard","meta":{"ngg_post_thumbnail":0,"footnotes":""},"categories":[4],"tags":[],"post_mailing_queue_ids":[],"_links":{"self":[{"href":"https:\/\/lyceejeanracine.fr\/wdps\/index.php\/wp-json\/wp\/v2\/posts\/5639"}],"collection":[{"href":"https:\/\/lyceejeanracine.fr\/wdps\/index.php\/wp-json\/wp\/v2\/posts"}],"about":[{"href":"https:\/\/lyceejeanracine.fr\/wdps\/index.php\/wp-json\/wp\/v2\/types\/post"}],"author":[{"embeddable":true,"href":"https:\/\/lyceejeanracine.fr\/wdps\/index.php\/wp-json\/wp\/v2\/users\/1"}],"replies":[{"embeddable":true,"href":"https:\/\/lyceejeanracine.fr\/wdps\/index.php\/wp-json\/wp\/v2\/comments?post=5639"}],"version-history":[{"count":1,"href":"https:\/\/lyceejeanracine.fr\/wdps\/index.php\/wp-json\/wp\/v2\/posts\/5639\/revisions"}],"predecessor-version":[{"id":5641,"href":"https:\/\/lyceejeanracine.fr\/wdps\/index.php\/wp-json\/wp\/v2\/posts\/5639\/revisions\/5641"}],"wp:featuredmedia":[{"embeddable":true,"href":"https:\/\/lyceejeanracine.fr\/wdps\/index.php\/wp-json\/wp\/v2\/media\/5640"}],"wp:attachment":[{"href":"https:\/\/lyceejeanracine.fr\/wdps\/index.php\/wp-json\/wp\/v2\/media?parent=5639"}],"wp:term":[{"taxonomy":"category","embeddable":true,"href":"https:\/\/lyceejeanracine.fr\/wdps\/index.php\/wp-json\/wp\/v2\/categories?post=5639"},{"taxonomy":"post_tag","embeddable":true,"href":"https:\/\/lyceejeanracine.fr\/wdps\/index.php\/wp-json\/wp\/v2\/tags?post=5639"}],"curies":[{"name":"wp","href":"https:\/\/api.w.org\/{rel}","templated":true}]}}