{"id":5766,"date":"2022-01-17T09:06:58","date_gmt":"2022-01-17T08:06:58","guid":{"rendered":"https:\/\/lyceejeanracine.fr\/wdps\/?p=5766"},"modified":"2022-03-25T09:05:12","modified_gmt":"2022-03-25T08:05:12","slug":"permanence-parcoursup","status":"publish","type":"post","link":"https:\/\/lyceejeanracine.fr\/wdps\/index.php\/2022\/01\/17\/permanence-parcoursup\/","title":{"rendered":"Permanence PARCOURSUP !"},"content":{"rendered":"\n<p>Mme Bailleul et Mme Caron, conseill\u00e8res d&rsquo;orientation, ont pr\u00e9vu des cr\u00e9neaux d&rsquo;aide<br>aux \u00e9l\u00e8ves pour les voeux sur Parcoursup. Cela commence cette semaine.<\/p>\n\n\n\n<p>Ci-dessous, les dates, cr\u00e9neaux horaires et salles associ\u00e9es :<\/p>\n\n\n\n<!--more-->\n\n\n\n<figure class=\"wp-block-image size-full\"><img loading=\"lazy\" decoding=\"async\" width=\"523\" height=\"478\" src=\"https:\/\/lyceejeanracine.fr\/wdps\/wp-content\/uploads\/2022\/01\/image_2022-01-17_090554.png\" alt=\"\" class=\"wp-image-5767\" srcset=\"https:\/\/lyceejeanracine.fr\/wdps\/wp-content\/uploads\/2022\/01\/image_2022-01-17_090554.png 523w, https:\/\/lyceejeanracine.fr\/wdps\/wp-content\/uploads\/2022\/01\/image_2022-01-17_090554-300x274.png 300w\" sizes=\"(max-width: 523px) 100vw, 523px\" \/><\/figure>\n","protected":false},"excerpt":{"rendered":"<p>Mme Bailleul et Mme Caron, conseill\u00e8res d&rsquo;orientation, ont pr\u00e9vu des cr\u00e9neaux d&rsquo;aide<br \/>aux \u00e9l\u00e8ves pour les voeux sur Parcoursup. Cela commence cette semaine.<\/p>\n<p>Ci-dessous, les dates, cr\u00e9neaux horaires et salles associ\u00e9es :<\/p><p><a class=\"more-link btn\" href=\"https:\/\/lyceejeanracine.fr\/wdps\/index.php\/2022\/01\/17\/permanence-parcoursup\/\">Lire la suite<\/a><\/p>\n","protected":false},"author":1,"featured_media":3636,"comment_status":"open","ping_status":"open","sticky":false,"template":"","format":"standard","meta":{"ngg_post_thumbnail":0,"footnotes":""},"categories":[58,6,7],"tags":[],"post_mailing_queue_ids":[],"_links":{"self":[{"href":"https:\/\/lyceejeanracine.fr\/wdps\/index.php\/wp-json\/wp\/v2\/posts\/5766"}],"collection":[{"href":"https:\/\/lyceejeanracine.fr\/wdps\/index.php\/wp-json\/wp\/v2\/posts"}],"about":[{"href":"https:\/\/lyceejeanracine.fr\/wdps\/index.php\/wp-json\/wp\/v2\/types\/post"}],"author":[{"embeddable":true,"href":"https:\/\/lyceejeanracine.fr\/wdps\/index.php\/wp-json\/wp\/v2\/users\/1"}],"replies":[{"embeddable":true,"href":"https:\/\/lyceejeanracine.fr\/wdps\/index.php\/wp-json\/wp\/v2\/comments?post=5766"}],"version-history":[{"count":2,"href":"https:\/\/lyceejeanracine.fr\/wdps\/index.php\/wp-json\/wp\/v2\/posts\/5766\/revisions"}],"predecessor-version":[{"id":5769,"href":"https:\/\/lyceejeanracine.fr\/wdps\/index.php\/wp-json\/wp\/v2\/posts\/5766\/revisions\/5769"}],"wp:featuredmedia":[{"embeddable":true,"href":"https:\/\/lyceejeanracine.fr\/wdps\/index.php\/wp-json\/wp\/v2\/media\/3636"}],"wp:attachment":[{"href":"https:\/\/lyceejeanracine.fr\/wdps\/index.php\/wp-json\/wp\/v2\/media?parent=5766"}],"wp:term":[{"taxonomy":"category","embeddable":true,"href":"https:\/\/lyceejeanracine.fr\/wdps\/index.php\/wp-json\/wp\/v2\/categories?post=5766"},{"taxonomy":"post_tag","embeddable":true,"href":"https:\/\/lyceejeanracine.fr\/wdps\/index.php\/wp-json\/wp\/v2\/tags?post=5766"}],"curies":[{"name":"wp","href":"https:\/\/api.w.org\/{rel}","templated":true}]}}