{"id":5796,"date":"2022-02-01T20:02:54","date_gmt":"2022-02-01T19:02:54","guid":{"rendered":"https:\/\/lyceejeanracine.fr\/wdps\/?p=5796"},"modified":"2022-02-01T20:04:28","modified_gmt":"2022-02-01T19:04:28","slug":"merci-aux-collegiens-et-aux-tatmfc","status":"publish","type":"post","link":"https:\/\/lyceejeanracine.fr\/wdps\/index.php\/2022\/02\/01\/merci-aux-collegiens-et-aux-tatmfc\/","title":{"rendered":"Merci aux coll\u00e9giens et aux TATMFC"},"content":{"rendered":"\n<p>Pr\u00e8s de 300 cr\u00eapes r\u00e9alis\u00e9es et distribu\u00e9es aujourd&rsquo;hui par les TATMFC et les coll\u00e9giens de montdidier pour f\u00eater la Chandeleur au lyc\u00e9e<br>Bon app\u00e9tit \ud83e\udd5e\ud83d\ude0b et merci \u00e0 tous !<\/p>\n\n\n\n<figure class=\"wp-block-gallery has-nested-images columns-default is-cropped wp-block-gallery-1 is-layout-flex wp-block-gallery-is-layout-flex\">\n<figure class=\"wp-block-image\"><img loading=\"lazy\" decoding=\"async\" width=\"1536\" height=\"2048\" data-id=\"5791\" src=\"https:\/\/lyceejeanracine.fr\/wdps\/wp-content\/uploads\/2022\/02\/20220201_1958373131527465805235138.jpg\" alt=\"\" class=\"wp-image-5791\" srcset=\"https:\/\/lyceejeanracine.fr\/wdps\/wp-content\/uploads\/2022\/02\/20220201_1958373131527465805235138.jpg 1536w, https:\/\/lyceejeanracine.fr\/wdps\/wp-content\/uploads\/2022\/02\/20220201_1958373131527465805235138-225x300.jpg 225w, https:\/\/lyceejeanracine.fr\/wdps\/wp-content\/uploads\/2022\/02\/20220201_1958373131527465805235138-768x1024.jpg 768w, https:\/\/lyceejeanracine.fr\/wdps\/wp-content\/uploads\/2022\/02\/20220201_1958373131527465805235138-1152x1536.jpg 1152w, https:\/\/lyceejeanracine.fr\/wdps\/wp-content\/uploads\/2022\/02\/20220201_1958373131527465805235138-750x1000.jpg 750w\" sizes=\"(max-width: 1536px) 100vw, 1536px\" \/><\/figure>\n\n\n\n<figure class=\"wp-block-image\"><img loading=\"lazy\" decoding=\"async\" width=\"1536\" height=\"2048\" data-id=\"5792\" src=\"https:\/\/lyceejeanracine.fr\/wdps\/wp-content\/uploads\/2022\/02\/20220201_1958547413112791477305786.jpg\" alt=\"\" class=\"wp-image-5792\" srcset=\"https:\/\/lyceejeanracine.fr\/wdps\/wp-content\/uploads\/2022\/02\/20220201_1958547413112791477305786.jpg 1536w, https:\/\/lyceejeanracine.fr\/wdps\/wp-content\/uploads\/2022\/02\/20220201_1958547413112791477305786-225x300.jpg 225w, https:\/\/lyceejeanracine.fr\/wdps\/wp-content\/uploads\/2022\/02\/20220201_1958547413112791477305786-768x1024.jpg 768w, https:\/\/lyceejeanracine.fr\/wdps\/wp-content\/uploads\/2022\/02\/20220201_1958547413112791477305786-1152x1536.jpg 1152w, https:\/\/lyceejeanracine.fr\/wdps\/wp-content\/uploads\/2022\/02\/20220201_1958547413112791477305786-750x1000.jpg 750w\" sizes=\"(max-width: 1536px) 100vw, 1536px\" \/><\/figure>\n\n\n\n<figure class=\"wp-block-image\"><img loading=\"lazy\" decoding=\"async\" width=\"1536\" height=\"2048\" data-id=\"5794\" src=\"https:\/\/lyceejeanracine.fr\/wdps\/wp-content\/uploads\/2022\/02\/20220201_1958497234922065876855844.jpg\" alt=\"\" class=\"wp-image-5794\" srcset=\"https:\/\/lyceejeanracine.fr\/wdps\/wp-content\/uploads\/2022\/02\/20220201_1958497234922065876855844.jpg 1536w, https:\/\/lyceejeanracine.fr\/wdps\/wp-content\/uploads\/2022\/02\/20220201_1958497234922065876855844-225x300.jpg 225w, https:\/\/lyceejeanracine.fr\/wdps\/wp-content\/uploads\/2022\/02\/20220201_1958497234922065876855844-768x1024.jpg 768w, https:\/\/lyceejeanracine.fr\/wdps\/wp-content\/uploads\/2022\/02\/20220201_1958497234922065876855844-1152x1536.jpg 1152w, https:\/\/lyceejeanracine.fr\/wdps\/wp-content\/uploads\/2022\/02\/20220201_1958497234922065876855844-750x1000.jpg 750w\" sizes=\"(max-width: 1536px) 100vw, 1536px\" \/><\/figure>\n\n\n\n<figure class=\"wp-block-image\"><img loading=\"lazy\" decoding=\"async\" width=\"1536\" height=\"2048\" data-id=\"5793\" src=\"https:\/\/lyceejeanracine.fr\/wdps\/wp-content\/uploads\/2022\/02\/20220201_1958426313628834813355908.jpg\" alt=\"\" class=\"wp-image-5793\" srcset=\"https:\/\/lyceejeanracine.fr\/wdps\/wp-content\/uploads\/2022\/02\/20220201_1958426313628834813355908.jpg 1536w, https:\/\/lyceejeanracine.fr\/wdps\/wp-content\/uploads\/2022\/02\/20220201_1958426313628834813355908-225x300.jpg 225w, https:\/\/lyceejeanracine.fr\/wdps\/wp-content\/uploads\/2022\/02\/20220201_1958426313628834813355908-768x1024.jpg 768w, https:\/\/lyceejeanracine.fr\/wdps\/wp-content\/uploads\/2022\/02\/20220201_1958426313628834813355908-1152x1536.jpg 1152w, https:\/\/lyceejeanracine.fr\/wdps\/wp-content\/uploads\/2022\/02\/20220201_1958426313628834813355908-750x1000.jpg 750w\" sizes=\"(max-width: 1536px) 100vw, 1536px\" \/><\/figure>\n<\/figure>\n","protected":false},"excerpt":{"rendered":"<p>Pr\u00e8s de 300 cr\u00eapes r\u00e9alis\u00e9es et distribu\u00e9es aujourd&rsquo;hui par les TATMFC et les coll\u00e9giens de montdidier pour f\u00eater la Chandeleur au lyc\u00e9e<br \/>Bon app\u00e9tit \ud83e\udd5e\ud83d\ude0b et merci \u00e0 tous !<\/p>\n","protected":false},"author":1,"featured_media":5795,"comment_status":"open","ping_status":"open","sticky":false,"template":"","format":"standard","meta":{"ngg_post_thumbnail":0,"footnotes":""},"categories":[42,18,7,4],"tags":[],"post_mailing_queue_ids":[],"_links":{"self":[{"href":"https:\/\/lyceejeanracine.fr\/wdps\/index.php\/wp-json\/wp\/v2\/posts\/5796"}],"collection":[{"href":"https:\/\/lyceejeanracine.fr\/wdps\/index.php\/wp-json\/wp\/v2\/posts"}],"about":[{"href":"https:\/\/lyceejeanracine.fr\/wdps\/index.php\/wp-json\/wp\/v2\/types\/post"}],"author":[{"embeddable":true,"href":"https:\/\/lyceejeanracine.fr\/wdps\/index.php\/wp-json\/wp\/v2\/users\/1"}],"replies":[{"embeddable":true,"href":"https:\/\/lyceejeanracine.fr\/wdps\/index.php\/wp-json\/wp\/v2\/comments?post=5796"}],"version-history":[{"count":1,"href":"https:\/\/lyceejeanracine.fr\/wdps\/index.php\/wp-json\/wp\/v2\/posts\/5796\/revisions"}],"predecessor-version":[{"id":5797,"href":"https:\/\/lyceejeanracine.fr\/wdps\/index.php\/wp-json\/wp\/v2\/posts\/5796\/revisions\/5797"}],"wp:featuredmedia":[{"embeddable":true,"href":"https:\/\/lyceejeanracine.fr\/wdps\/index.php\/wp-json\/wp\/v2\/media\/5795"}],"wp:attachment":[{"href":"https:\/\/lyceejeanracine.fr\/wdps\/index.php\/wp-json\/wp\/v2\/media?parent=5796"}],"wp:term":[{"taxonomy":"category","embeddable":true,"href":"https:\/\/lyceejeanracine.fr\/wdps\/index.php\/wp-json\/wp\/v2\/categories?post=5796"},{"taxonomy":"post_tag","embeddable":true,"href":"https:\/\/lyceejeanracine.fr\/wdps\/index.php\/wp-json\/wp\/v2\/tags?post=5796"}],"curies":[{"name":"wp","href":"https:\/\/api.w.org\/{rel}","templated":true}]}}