{"id":6186,"date":"2022-06-18T20:46:50","date_gmt":"2022-06-18T18:46:50","guid":{"rendered":"https:\/\/lyceejeanracine.fr\/wdps\/?p=6186"},"modified":"2022-06-18T20:46:51","modified_gmt":"2022-06-18T18:46:51","slug":"un-arbre-une-naissance","status":"publish","type":"post","link":"https:\/\/lyceejeanracine.fr\/wdps\/index.php\/2022\/06\/18\/un-arbre-une-naissance\/","title":{"rendered":"Un arbre, une naissance"},"content":{"rendered":"\n<p>L&rsquo;op\u00e9ration un arbre une naissance voit le verger du prieur\u00e9 compos\u00e9 de poiriers et pommiers.<br>Les enfants 2020 et 2021 ont leur arbre fruitier \u2026.<br>Petit extrait : mon m\u00e9tier me conduit \u00e0 d\u00e9m\u00e9nager , c&rsquo;est la premi\u00e8re fois qu&rsquo;un de mes enfants b\u00e9n\u00e9ficie d&rsquo;une telle op\u00e9ration. Un jour, en revenant ici, ma fille aura son arbre qui lui rappellera qu&rsquo;elle \u00e9tait ici<br>Les plaques nominatives ont \u00e9t\u00e9 r\u00e9alis\u00e9es par les \u00e9l\u00e8ves du lyc\u00e9e Jean Racine de Montdidier.<\/p>\n\n\n\n<figure class=\"wp-block-gallery has-nested-images columns-default is-cropped wp-block-gallery-1 is-layout-flex wp-block-gallery-is-layout-flex\">\n<figure class=\"wp-block-image size-large is-style-default\"><a href=\"https:\/\/lyceejeanracine.fr\/wdps\/wp-content\/uploads\/2022\/06\/arbre1.jpg\" target=\"_blank\" rel=\"noopener\"><img loading=\"lazy\" decoding=\"async\" width=\"768\" height=\"1024\" data-id=\"6187\" src=\"https:\/\/lyceejeanracine.fr\/wdps\/wp-content\/uploads\/2022\/06\/arbre1-768x1024.jpg\" alt=\"\" class=\"wp-image-6187\" srcset=\"https:\/\/lyceejeanracine.fr\/wdps\/wp-content\/uploads\/2022\/06\/arbre1-768x1024.jpg 768w, https:\/\/lyceejeanracine.fr\/wdps\/wp-content\/uploads\/2022\/06\/arbre1-225x300.jpg 225w, https:\/\/lyceejeanracine.fr\/wdps\/wp-content\/uploads\/2022\/06\/arbre1-1152x1536.jpg 1152w, https:\/\/lyceejeanracine.fr\/wdps\/wp-content\/uploads\/2022\/06\/arbre1-750x1000.jpg 750w, https:\/\/lyceejeanracine.fr\/wdps\/wp-content\/uploads\/2022\/06\/arbre1.jpg 1536w\" sizes=\"(max-width: 768px) 100vw, 768px\" \/><\/a><\/figure>\n\n\n\n<figure class=\"wp-block-image size-large\"><a href=\"https:\/\/lyceejeanracine.fr\/wdps\/wp-content\/uploads\/2022\/06\/arbre2.jpg\" target=\"_blank\" rel=\"noopener\"><img loading=\"lazy\" decoding=\"async\" width=\"768\" height=\"1024\" data-id=\"6188\" src=\"https:\/\/lyceejeanracine.fr\/wdps\/wp-content\/uploads\/2022\/06\/arbre2-768x1024.jpg\" alt=\"\" class=\"wp-image-6188\" srcset=\"https:\/\/lyceejeanracine.fr\/wdps\/wp-content\/uploads\/2022\/06\/arbre2-768x1024.jpg 768w, https:\/\/lyceejeanracine.fr\/wdps\/wp-content\/uploads\/2022\/06\/arbre2-225x300.jpg 225w, https:\/\/lyceejeanracine.fr\/wdps\/wp-content\/uploads\/2022\/06\/arbre2-1152x1536.jpg 1152w, https:\/\/lyceejeanracine.fr\/wdps\/wp-content\/uploads\/2022\/06\/arbre2-750x1000.jpg 750w, https:\/\/lyceejeanracine.fr\/wdps\/wp-content\/uploads\/2022\/06\/arbre2.jpg 1536w\" sizes=\"(max-width: 768px) 100vw, 768px\" \/><\/a><\/figure>\n\n\n\n<figure class=\"wp-block-image size-large\"><a href=\"https:\/\/lyceejeanracine.fr\/wdps\/wp-content\/uploads\/2022\/06\/arbre3.jpg\" target=\"_blank\" rel=\"noopener\"><img loading=\"lazy\" decoding=\"async\" width=\"768\" height=\"1024\" data-id=\"6197\" src=\"https:\/\/lyceejeanracine.fr\/wdps\/wp-content\/uploads\/2022\/06\/arbre3-768x1024.jpg\" alt=\"\" class=\"wp-image-6197\" srcset=\"https:\/\/lyceejeanracine.fr\/wdps\/wp-content\/uploads\/2022\/06\/arbre3-768x1024.jpg 768w, https:\/\/lyceejeanracine.fr\/wdps\/wp-content\/uploads\/2022\/06\/arbre3-225x300.jpg 225w, https:\/\/lyceejeanracine.fr\/wdps\/wp-content\/uploads\/2022\/06\/arbre3-1152x1536.jpg 1152w, https:\/\/lyceejeanracine.fr\/wdps\/wp-content\/uploads\/2022\/06\/arbre3-750x1000.jpg 750w, https:\/\/lyceejeanracine.fr\/wdps\/wp-content\/uploads\/2022\/06\/arbre3.jpg 1536w\" sizes=\"(max-width: 768px) 100vw, 768px\" \/><\/a><\/figure>\n\n\n\n<figure class=\"wp-block-image size-large\"><a href=\"https:\/\/lyceejeanracine.fr\/wdps\/wp-content\/uploads\/2022\/06\/arbre4.jpg\" target=\"_blank\" rel=\"noopener\"><img loading=\"lazy\" decoding=\"async\" width=\"768\" height=\"1024\" data-id=\"6191\" src=\"https:\/\/lyceejeanracine.fr\/wdps\/wp-content\/uploads\/2022\/06\/arbre4-768x1024.jpg\" alt=\"\" class=\"wp-image-6191\" srcset=\"https:\/\/lyceejeanracine.fr\/wdps\/wp-content\/uploads\/2022\/06\/arbre4-768x1024.jpg 768w, https:\/\/lyceejeanracine.fr\/wdps\/wp-content\/uploads\/2022\/06\/arbre4-225x300.jpg 225w, https:\/\/lyceejeanracine.fr\/wdps\/wp-content\/uploads\/2022\/06\/arbre4-1152x1536.jpg 1152w, https:\/\/lyceejeanracine.fr\/wdps\/wp-content\/uploads\/2022\/06\/arbre4-750x1000.jpg 750w, https:\/\/lyceejeanracine.fr\/wdps\/wp-content\/uploads\/2022\/06\/arbre4.jpg 1536w\" sizes=\"(max-width: 768px) 100vw, 768px\" \/><\/a><\/figure>\n\n\n\n<figure class=\"wp-block-image size-large\"><a href=\"https:\/\/lyceejeanracine.fr\/wdps\/wp-content\/uploads\/2022\/06\/arbre5.jpg\" target=\"_blank\" rel=\"noopener\"><img loading=\"lazy\" decoding=\"async\" width=\"768\" height=\"1024\" data-id=\"6194\" src=\"https:\/\/lyceejeanracine.fr\/wdps\/wp-content\/uploads\/2022\/06\/arbre5-768x1024.jpg\" alt=\"\" class=\"wp-image-6194\" srcset=\"https:\/\/lyceejeanracine.fr\/wdps\/wp-content\/uploads\/2022\/06\/arbre5-768x1024.jpg 768w, https:\/\/lyceejeanracine.fr\/wdps\/wp-content\/uploads\/2022\/06\/arbre5-225x300.jpg 225w, https:\/\/lyceejeanracine.fr\/wdps\/wp-content\/uploads\/2022\/06\/arbre5-1152x1536.jpg 1152w, https:\/\/lyceejeanracine.fr\/wdps\/wp-content\/uploads\/2022\/06\/arbre5-750x1000.jpg 750w, https:\/\/lyceejeanracine.fr\/wdps\/wp-content\/uploads\/2022\/06\/arbre5.jpg 1536w\" sizes=\"(max-width: 768px) 100vw, 768px\" \/><\/a><\/figure>\n\n\n\n<figure class=\"wp-block-image size-large\"><a href=\"https:\/\/lyceejeanracine.fr\/wdps\/wp-content\/uploads\/2022\/06\/arbre6.jpg\" target=\"_blank\" rel=\"noopener\"><img loading=\"lazy\" decoding=\"async\" width=\"768\" height=\"1024\" data-id=\"6199\" src=\"https:\/\/lyceejeanracine.fr\/wdps\/wp-content\/uploads\/2022\/06\/arbre6-768x1024.jpg\" alt=\"\" class=\"wp-image-6199\" srcset=\"https:\/\/lyceejeanracine.fr\/wdps\/wp-content\/uploads\/2022\/06\/arbre6-768x1024.jpg 768w, https:\/\/lyceejeanracine.fr\/wdps\/wp-content\/uploads\/2022\/06\/arbre6-225x300.jpg 225w, https:\/\/lyceejeanracine.fr\/wdps\/wp-content\/uploads\/2022\/06\/arbre6-1152x1536.jpg 1152w, https:\/\/lyceejeanracine.fr\/wdps\/wp-content\/uploads\/2022\/06\/arbre6-750x1000.jpg 750w, https:\/\/lyceejeanracine.fr\/wdps\/wp-content\/uploads\/2022\/06\/arbre6.jpg 1536w\" sizes=\"(max-width: 768px) 100vw, 768px\" \/><\/a><\/figure>\n\n\n\n<figure class=\"wp-block-image size-large\"><a href=\"https:\/\/lyceejeanracine.fr\/wdps\/wp-content\/uploads\/2022\/06\/arbre7.jpg\" target=\"_blank\" rel=\"noopener\"><img loading=\"lazy\" decoding=\"async\" width=\"768\" height=\"1024\" data-id=\"6198\" src=\"https:\/\/lyceejeanracine.fr\/wdps\/wp-content\/uploads\/2022\/06\/arbre7-768x1024.jpg\" alt=\"\" class=\"wp-image-6198\" srcset=\"https:\/\/lyceejeanracine.fr\/wdps\/wp-content\/uploads\/2022\/06\/arbre7-768x1024.jpg 768w, https:\/\/lyceejeanracine.fr\/wdps\/wp-content\/uploads\/2022\/06\/arbre7-225x300.jpg 225w, https:\/\/lyceejeanracine.fr\/wdps\/wp-content\/uploads\/2022\/06\/arbre7-1152x1536.jpg 1152w, https:\/\/lyceejeanracine.fr\/wdps\/wp-content\/uploads\/2022\/06\/arbre7-750x1000.jpg 750w, https:\/\/lyceejeanracine.fr\/wdps\/wp-content\/uploads\/2022\/06\/arbre7.jpg 1536w\" sizes=\"(max-width: 768px) 100vw, 768px\" \/><\/a><\/figure>\n\n\n\n<figure class=\"wp-block-image size-large\"><a href=\"https:\/\/lyceejeanracine.fr\/wdps\/wp-content\/uploads\/2022\/06\/arbre8.jpg\" target=\"_blank\" rel=\"noopener\"><img loading=\"lazy\" decoding=\"async\" width=\"768\" height=\"1024\" data-id=\"6195\" src=\"https:\/\/lyceejeanracine.fr\/wdps\/wp-content\/uploads\/2022\/06\/arbre8-768x1024.jpg\" alt=\"\" class=\"wp-image-6195\" srcset=\"https:\/\/lyceejeanracine.fr\/wdps\/wp-content\/uploads\/2022\/06\/arbre8-768x1024.jpg 768w, https:\/\/lyceejeanracine.fr\/wdps\/wp-content\/uploads\/2022\/06\/arbre8-225x300.jpg 225w, https:\/\/lyceejeanracine.fr\/wdps\/wp-content\/uploads\/2022\/06\/arbre8-1152x1536.jpg 1152w, https:\/\/lyceejeanracine.fr\/wdps\/wp-content\/uploads\/2022\/06\/arbre8-750x1000.jpg 750w, https:\/\/lyceejeanracine.fr\/wdps\/wp-content\/uploads\/2022\/06\/arbre8.jpg 1536w\" sizes=\"(max-width: 768px) 100vw, 768px\" \/><\/a><\/figure>\n\n\n\n<figure class=\"wp-block-image size-large\"><a href=\"https:\/\/lyceejeanracine.fr\/wdps\/wp-content\/uploads\/2022\/06\/arbre9.jpg\" target=\"_blank\" rel=\"noopener\"><img loading=\"lazy\" decoding=\"async\" width=\"768\" height=\"1024\" data-id=\"6189\" src=\"https:\/\/lyceejeanracine.fr\/wdps\/wp-content\/uploads\/2022\/06\/arbre9-768x1024.jpg\" alt=\"\" class=\"wp-image-6189\" srcset=\"https:\/\/lyceejeanracine.fr\/wdps\/wp-content\/uploads\/2022\/06\/arbre9-768x1024.jpg 768w, https:\/\/lyceejeanracine.fr\/wdps\/wp-content\/uploads\/2022\/06\/arbre9-225x300.jpg 225w, https:\/\/lyceejeanracine.fr\/wdps\/wp-content\/uploads\/2022\/06\/arbre9-1152x1536.jpg 1152w, https:\/\/lyceejeanracine.fr\/wdps\/wp-content\/uploads\/2022\/06\/arbre9-750x1000.jpg 750w, https:\/\/lyceejeanracine.fr\/wdps\/wp-content\/uploads\/2022\/06\/arbre9.jpg 1536w\" sizes=\"(max-width: 768px) 100vw, 768px\" \/><\/a><\/figure>\n\n\n\n<figure class=\"wp-block-image size-large\"><a href=\"https:\/\/lyceejeanracine.fr\/wdps\/wp-content\/uploads\/2022\/06\/arbre10.jpg\" target=\"_blank\" rel=\"noopener\"><img loading=\"lazy\" decoding=\"async\" width=\"768\" height=\"1024\" data-id=\"6193\" src=\"https:\/\/lyceejeanracine.fr\/wdps\/wp-content\/uploads\/2022\/06\/arbre10-768x1024.jpg\" alt=\"\" class=\"wp-image-6193\" srcset=\"https:\/\/lyceejeanracine.fr\/wdps\/wp-content\/uploads\/2022\/06\/arbre10-768x1024.jpg 768w, https:\/\/lyceejeanracine.fr\/wdps\/wp-content\/uploads\/2022\/06\/arbre10-225x300.jpg 225w, https:\/\/lyceejeanracine.fr\/wdps\/wp-content\/uploads\/2022\/06\/arbre10-1152x1536.jpg 1152w, https:\/\/lyceejeanracine.fr\/wdps\/wp-content\/uploads\/2022\/06\/arbre10-750x1000.jpg 750w, https:\/\/lyceejeanracine.fr\/wdps\/wp-content\/uploads\/2022\/06\/arbre10.jpg 1536w\" sizes=\"(max-width: 768px) 100vw, 768px\" \/><\/a><\/figure>\n\n\n\n<figure class=\"wp-block-image size-large\"><a href=\"https:\/\/lyceejeanracine.fr\/wdps\/wp-content\/uploads\/2022\/06\/arbre11.jpg\" target=\"_blank\" rel=\"noopener\"><img loading=\"lazy\" decoding=\"async\" width=\"768\" height=\"1024\" data-id=\"6200\" src=\"https:\/\/lyceejeanracine.fr\/wdps\/wp-content\/uploads\/2022\/06\/arbre11-768x1024.jpg\" alt=\"\" class=\"wp-image-6200\" srcset=\"https:\/\/lyceejeanracine.fr\/wdps\/wp-content\/uploads\/2022\/06\/arbre11-768x1024.jpg 768w, https:\/\/lyceejeanracine.fr\/wdps\/wp-content\/uploads\/2022\/06\/arbre11-225x300.jpg 225w, https:\/\/lyceejeanracine.fr\/wdps\/wp-content\/uploads\/2022\/06\/arbre11-1152x1536.jpg 1152w, https:\/\/lyceejeanracine.fr\/wdps\/wp-content\/uploads\/2022\/06\/arbre11-750x1000.jpg 750w, https:\/\/lyceejeanracine.fr\/wdps\/wp-content\/uploads\/2022\/06\/arbre11.jpg 1536w\" sizes=\"(max-width: 768px) 100vw, 768px\" \/><\/a><\/figure>\n\n\n\n<figure class=\"wp-block-image size-large\"><a href=\"https:\/\/lyceejeanracine.fr\/wdps\/wp-content\/uploads\/2022\/06\/arbre12.jpg\" target=\"_blank\" rel=\"noopener\"><img loading=\"lazy\" decoding=\"async\" width=\"768\" height=\"1024\" data-id=\"6196\" src=\"https:\/\/lyceejeanracine.fr\/wdps\/wp-content\/uploads\/2022\/06\/arbre12-768x1024.jpg\" alt=\"\" class=\"wp-image-6196\" srcset=\"https:\/\/lyceejeanracine.fr\/wdps\/wp-content\/uploads\/2022\/06\/arbre12-768x1024.jpg 768w, https:\/\/lyceejeanracine.fr\/wdps\/wp-content\/uploads\/2022\/06\/arbre12-225x300.jpg 225w, https:\/\/lyceejeanracine.fr\/wdps\/wp-content\/uploads\/2022\/06\/arbre12-1152x1536.jpg 1152w, https:\/\/lyceejeanracine.fr\/wdps\/wp-content\/uploads\/2022\/06\/arbre12-750x1000.jpg 750w, https:\/\/lyceejeanracine.fr\/wdps\/wp-content\/uploads\/2022\/06\/arbre12.jpg 1536w\" sizes=\"(max-width: 768px) 100vw, 768px\" \/><\/a><\/figure>\n\n\n\n<figure class=\"wp-block-image size-large\"><a href=\"https:\/\/lyceejeanracine.fr\/wdps\/wp-content\/uploads\/2022\/06\/arbre13.jpg\" target=\"_blank\" rel=\"noopener\"><img loading=\"lazy\" decoding=\"async\" width=\"768\" height=\"1024\" data-id=\"6192\" src=\"https:\/\/lyceejeanracine.fr\/wdps\/wp-content\/uploads\/2022\/06\/arbre13-768x1024.jpg\" alt=\"\" class=\"wp-image-6192\" srcset=\"https:\/\/lyceejeanracine.fr\/wdps\/wp-content\/uploads\/2022\/06\/arbre13-768x1024.jpg 768w, https:\/\/lyceejeanracine.fr\/wdps\/wp-content\/uploads\/2022\/06\/arbre13-225x300.jpg 225w, https:\/\/lyceejeanracine.fr\/wdps\/wp-content\/uploads\/2022\/06\/arbre13-1152x1536.jpg 1152w, https:\/\/lyceejeanracine.fr\/wdps\/wp-content\/uploads\/2022\/06\/arbre13-750x1000.jpg 750w, https:\/\/lyceejeanracine.fr\/wdps\/wp-content\/uploads\/2022\/06\/arbre13.jpg 1536w\" sizes=\"(max-width: 768px) 100vw, 768px\" \/><\/a><\/figure>\n\n\n\n<figure class=\"wp-block-image size-large\"><a href=\"https:\/\/lyceejeanracine.fr\/wdps\/wp-content\/uploads\/2022\/06\/arbre14.jpg\" target=\"_blank\" rel=\"noopener\"><img loading=\"lazy\" decoding=\"async\" width=\"768\" height=\"1024\" data-id=\"6190\" src=\"https:\/\/lyceejeanracine.fr\/wdps\/wp-content\/uploads\/2022\/06\/arbre14-768x1024.jpg\" alt=\"\" class=\"wp-image-6190\" srcset=\"https:\/\/lyceejeanracine.fr\/wdps\/wp-content\/uploads\/2022\/06\/arbre14-768x1024.jpg 768w, https:\/\/lyceejeanracine.fr\/wdps\/wp-content\/uploads\/2022\/06\/arbre14-225x300.jpg 225w, https:\/\/lyceejeanracine.fr\/wdps\/wp-content\/uploads\/2022\/06\/arbre14-1152x1536.jpg 1152w, https:\/\/lyceejeanracine.fr\/wdps\/wp-content\/uploads\/2022\/06\/arbre14-750x1000.jpg 750w, https:\/\/lyceejeanracine.fr\/wdps\/wp-content\/uploads\/2022\/06\/arbre14.jpg 1536w\" sizes=\"(max-width: 768px) 100vw, 768px\" \/><\/a><\/figure>\n<\/figure>\n","protected":false},"excerpt":{"rendered":"<p>L&rsquo;op\u00e9ration un arbre une naissance voit le verger du prieur\u00e9 compos\u00e9 de poiriers et pommiers.<br \/>Les enfants 2020 et 2021 ont leur arbre fruitier \u2026.<br \/>Petit extrait : mon m\u00e9tier me conduit \u00e0 d\u00e9m\u00e9nager , c&rsquo;est la premi\u00e8re fois qu&rsquo;un de mes enfants b\u00e9n\u00e9ficie d&rsquo;une telle op\u00e9ration. Un jour, en revenant ici, ma fille aura son arbre &hellip; <\/p>\n<p><a class=\"more-link btn\" href=\"https:\/\/lyceejeanracine.fr\/wdps\/index.php\/2022\/06\/18\/un-arbre-une-naissance\/\">Lire la suite<\/a><\/p>\n","protected":false},"author":1,"featured_media":6199,"comment_status":"open","ping_status":"open","sticky":false,"template":"","format":"standard","meta":{"ngg_post_thumbnail":0,"footnotes":""},"categories":[37,7,4],"tags":[],"post_mailing_queue_ids":[],"_links":{"self":[{"href":"https:\/\/lyceejeanracine.fr\/wdps\/index.php\/wp-json\/wp\/v2\/posts\/6186"}],"collection":[{"href":"https:\/\/lyceejeanracine.fr\/wdps\/index.php\/wp-json\/wp\/v2\/posts"}],"about":[{"href":"https:\/\/lyceejeanracine.fr\/wdps\/index.php\/wp-json\/wp\/v2\/types\/post"}],"author":[{"embeddable":true,"href":"https:\/\/lyceejeanracine.fr\/wdps\/index.php\/wp-json\/wp\/v2\/users\/1"}],"replies":[{"embeddable":true,"href":"https:\/\/lyceejeanracine.fr\/wdps\/index.php\/wp-json\/wp\/v2\/comments?post=6186"}],"version-history":[{"count":1,"href":"https:\/\/lyceejeanracine.fr\/wdps\/index.php\/wp-json\/wp\/v2\/posts\/6186\/revisions"}],"predecessor-version":[{"id":6201,"href":"https:\/\/lyceejeanracine.fr\/wdps\/index.php\/wp-json\/wp\/v2\/posts\/6186\/revisions\/6201"}],"wp:featuredmedia":[{"embeddable":true,"href":"https:\/\/lyceejeanracine.fr\/wdps\/index.php\/wp-json\/wp\/v2\/media\/6199"}],"wp:attachment":[{"href":"https:\/\/lyceejeanracine.fr\/wdps\/index.php\/wp-json\/wp\/v2\/media?parent=6186"}],"wp:term":[{"taxonomy":"category","embeddable":true,"href":"https:\/\/lyceejeanracine.fr\/wdps\/index.php\/wp-json\/wp\/v2\/categories?post=6186"},{"taxonomy":"post_tag","embeddable":true,"href":"https:\/\/lyceejeanracine.fr\/wdps\/index.php\/wp-json\/wp\/v2\/tags?post=6186"}],"curies":[{"name":"wp","href":"https:\/\/api.w.org\/{rel}","templated":true}]}}