{"id":6206,"date":"2022-06-29T08:40:38","date_gmt":"2022-06-29T06:40:38","guid":{"rendered":"https:\/\/lyceejeanracine.fr\/wdps\/?p=6206"},"modified":"2022-07-11T18:39:50","modified_gmt":"2022-07-11T16:39:50","slug":"eleves-de-terminales-resultats-des-examens","status":"publish","type":"post","link":"https:\/\/lyceejeanracine.fr\/wdps\/index.php\/2022\/06\/29\/eleves-de-terminales-resultats-des-examens\/","title":{"rendered":"El\u00e8ves de terminales : r\u00e9sultats des examens"},"content":{"rendered":"<div class=\"wp-block-image\">\n<figure class=\"alignleft size-thumbnail\"><img loading=\"lazy\" decoding=\"async\" width=\"100\" height=\"100\" src=\"https:\/\/lyceejeanracine.fr\/wdps\/wp-content\/uploads\/2022\/06\/image-100x100.png\" alt=\"\" class=\"wp-image-6207\"\/><\/figure><\/div>\n\n\n<p>Soyez pr\u00e9sents au lyc\u00e9e mardi 5 juillet \u00e0 partir de 10H pour retirer votre relev\u00e9 de notes (appel\u00e9e collante). Quelque soit la situation : re\u00e7u(e), convoqu\u00e9(e) au rattrapage, ajourn\u00e9(e).<\/p>\n","protected":false},"excerpt":{"rendered":"<p>Soyez pr\u00e9sents au lyc\u00e9e mardi 5 juillet \u00e0 partir de 10H pour retirer votre relev\u00e9 de notes (appel\u00e9e collante). Quelque soit la situation : re\u00e7u(e), convoqu\u00e9(e) au rattrapage, ajourn\u00e9(e).<\/p>\n","protected":false},"author":1,"featured_media":6207,"comment_status":"open","ping_status":"open","sticky":false,"template":"","format":"standard","meta":{"ngg_post_thumbnail":0,"footnotes":""},"categories":[58,44,7],"tags":[],"post_mailing_queue_ids":[],"_links":{"self":[{"href":"https:\/\/lyceejeanracine.fr\/wdps\/index.php\/wp-json\/wp\/v2\/posts\/6206"}],"collection":[{"href":"https:\/\/lyceejeanracine.fr\/wdps\/index.php\/wp-json\/wp\/v2\/posts"}],"about":[{"href":"https:\/\/lyceejeanracine.fr\/wdps\/index.php\/wp-json\/wp\/v2\/types\/post"}],"author":[{"embeddable":true,"href":"https:\/\/lyceejeanracine.fr\/wdps\/index.php\/wp-json\/wp\/v2\/users\/1"}],"replies":[{"embeddable":true,"href":"https:\/\/lyceejeanracine.fr\/wdps\/index.php\/wp-json\/wp\/v2\/comments?post=6206"}],"version-history":[{"count":1,"href":"https:\/\/lyceejeanracine.fr\/wdps\/index.php\/wp-json\/wp\/v2\/posts\/6206\/revisions"}],"predecessor-version":[{"id":6208,"href":"https:\/\/lyceejeanracine.fr\/wdps\/index.php\/wp-json\/wp\/v2\/posts\/6206\/revisions\/6208"}],"wp:featuredmedia":[{"embeddable":true,"href":"https:\/\/lyceejeanracine.fr\/wdps\/index.php\/wp-json\/wp\/v2\/media\/6207"}],"wp:attachment":[{"href":"https:\/\/lyceejeanracine.fr\/wdps\/index.php\/wp-json\/wp\/v2\/media?parent=6206"}],"wp:term":[{"taxonomy":"category","embeddable":true,"href":"https:\/\/lyceejeanracine.fr\/wdps\/index.php\/wp-json\/wp\/v2\/categories?post=6206"},{"taxonomy":"post_tag","embeddable":true,"href":"https:\/\/lyceejeanracine.fr\/wdps\/index.php\/wp-json\/wp\/v2\/tags?post=6206"}],"curies":[{"name":"wp","href":"https:\/\/api.w.org\/{rel}","templated":true}]}}