{"id":708,"date":"2017-12-11T19:13:38","date_gmt":"2017-12-11T18:13:38","guid":{"rendered":"http:\/\/lyceejeanracine.fr\/wdps\/?p=708"},"modified":"2017-12-11T19:31:27","modified_gmt":"2017-12-11T18:31:27","slug":"journee-a-amiens-sur-les-pas-de-jules","status":"publish","type":"post","link":"https:\/\/lyceejeanracine.fr\/wdps\/index.php\/2017\/12\/11\/journee-a-amiens-sur-les-pas-de-jules\/","title":{"rendered":"Journ\u00e9e \u00e0 Amiens \u00ab\u00a0Sur les pas de Jules&#8230;\u00a0\u00bb"},"content":{"rendered":"<h4><a href=\"https:\/\/lyceejeanracine.fr\/wdps\/wp-content\/uploads\/2017\/12\/20171211_094916.jpg\"><img loading=\"lazy\" decoding=\"async\" class=\"alignleft size-thumbnail wp-image-716\" src=\"https:\/\/lyceejeanracine.fr\/wdps\/wp-content\/uploads\/2017\/12\/20171211_094916-100x100.jpg\" alt=\"\" width=\"100\" height=\"100\" \/><\/a><strong>Ce lundi 11 d\u00e9cembre<\/strong>, les 33 \u00e9l\u00e8ves de secondes option \u00ab\u00a0Litt\u00e9rature et soci\u00e9t\u00e9\u00a0\u00bb sont partis sur les traces de Jules Verne \u00e0 Amiens.<\/h4>\n<p><!--more--><\/p>\n<h4>Accompagn\u00e9s de leurs 2 professeurs Madame Gunata et Monsieur Sauti\u00e8re, ils ont assist\u00e9 au matin \u00e0 un s\u00e9minaire de deux heures sur \u00ab\u00a0la ville du futur\u00a0\u00bb dans l&rsquo;amphi-th\u00e9\u00e2tre du centre Canop\u00e9. Apr\u00e8s un repas m\u00e9morable au Mac Donald (surtout pour Fran\u00e7oise), les \u00e9l\u00e8ves ont parcourus dans l&rsquo;apr\u00e8s-midi les lieux \u00ab\u00a0phares\u00a0\u00bb de la capitale samarienne : Cath\u00e9drale, Gare, Tour Perret, Maison de Jules Verne,&#8230;<br \/>\nDevant le cirque Jules Verne, ils ont lu un extrait de la nouvelle \u00ab\u00a0Une ville id\u00e9ale\u00a0\u00bb dans laquelle le romancier imagine (en 1875) la ville d&rsquo;Amiens en l&rsquo;an 2000. Cette journ\u00e9e pluvieuse (mais heureuse) s&rsquo;est termin\u00e9e par une ballade sur le march\u00e9 de No\u00ebl&#8230; Cette journ\u00e9e entrait dans le cadre d&rsquo;un projet d&rsquo;\u00e9criture dans lequel les \u00e9l\u00e8ves devront imaginer la ville d&rsquo;Amiens en 2050. Les litt\u00e9raires appelleront cela \u00ab\u00a0r\u00e9cit d&rsquo;anticipation\u00a0\u00bb, les g\u00e9ographes \u00ab\u00a0g\u00e9ographie prospective\u00a0\u00bb. L&rsquo;objectif \u00e9tant de former les citoyens et peut-\u00eatre les futurs d\u00e9cideurs de demain&#8230;<\/h4>\n<p>&nbsp;<\/p>\n<p>&nbsp;<\/p>\n\n\t\t<style type=\"text\/css\">\n\t\t\t#gallery-1 {\n\t\t\t\tmargin: auto;\n\t\t\t}\n\t\t\t#gallery-1 .gallery-item {\n\t\t\t\tfloat: left;\n\t\t\t\tmargin-top: 10px;\n\t\t\t\ttext-align: center;\n\t\t\t\twidth: 33%;\n\t\t\t}\n\t\t\t#gallery-1 img {\n\t\t\t\tborder: 2px solid #cfcfcf;\n\t\t\t}\n\t\t\t#gallery-1 .gallery-caption {\n\t\t\t\tmargin-left: 0;\n\t\t\t}\n\t\t\t\/* see gallery_shortcode() in wp-includes\/media.php *\/\n\t\t<\/style>\n\t\t<div id='gallery-1' class='gallery galleryid-708 gallery-columns-3 gallery-size-thumbnail'><dl class='gallery-item'>\n\t\t\t<dt class='gallery-icon portrait'>\n\t\t\t\t<a href='https:\/\/lyceejeanracine.fr\/wdps\/index.php\/2017\/12\/11\/journee-a-amiens-sur-les-pas-de-jules\/img_20171211_094200\/'><img loading=\"lazy\" decoding=\"async\" width=\"100\" height=\"100\" src=\"https:\/\/lyceejeanracine.fr\/wdps\/wp-content\/uploads\/2017\/12\/IMG_20171211_094200-100x100.jpg\" class=\"attachment-thumbnail size-thumbnail\" alt=\"\" \/><\/a>\n\t\t\t<\/dt><\/dl><dl class='gallery-item'>\n\t\t\t<dt class='gallery-icon landscape'>\n\t\t\t\t<a href='https:\/\/lyceejeanracine.fr\/wdps\/index.php\/2017\/12\/11\/journee-a-amiens-sur-les-pas-de-jules\/25319672_495117940888049_1106602108_o\/'><img loading=\"lazy\" decoding=\"async\" width=\"100\" height=\"100\" src=\"https:\/\/lyceejeanracine.fr\/wdps\/wp-content\/uploads\/2017\/12\/25319672_495117940888049_1106602108_o-100x100.jpg\" class=\"attachment-thumbnail size-thumbnail\" alt=\"\" \/><\/a>\n\t\t\t<\/dt><\/dl><dl class='gallery-item'>\n\t\t\t<dt class='gallery-icon portrait'>\n\t\t\t\t<a href='https:\/\/lyceejeanracine.fr\/wdps\/index.php\/2017\/12\/11\/journee-a-amiens-sur-les-pas-de-jules\/20171211_144547\/'><img loading=\"lazy\" decoding=\"async\" width=\"100\" height=\"100\" src=\"https:\/\/lyceejeanracine.fr\/wdps\/wp-content\/uploads\/2017\/12\/20171211_144547-100x100.jpg\" class=\"attachment-thumbnail size-thumbnail\" alt=\"\" \/><\/a>\n\t\t\t<\/dt><\/dl><br style=\"clear: both\" \/><dl class='gallery-item'>\n\t\t\t<dt class='gallery-icon landscape'>\n\t\t\t\t<a href='https:\/\/lyceejeanracine.fr\/wdps\/index.php\/2017\/12\/11\/journee-a-amiens-sur-les-pas-de-jules\/20171211_144005\/'><img loading=\"lazy\" decoding=\"async\" width=\"100\" height=\"100\" src=\"https:\/\/lyceejeanracine.fr\/wdps\/wp-content\/uploads\/2017\/12\/20171211_144005-100x100.jpg\" class=\"attachment-thumbnail size-thumbnail\" alt=\"\" \/><\/a>\n\t\t\t<\/dt><\/dl><dl class='gallery-item'>\n\t\t\t<dt class='gallery-icon portrait'>\n\t\t\t\t<a href='https:\/\/lyceejeanracine.fr\/wdps\/index.php\/2017\/12\/11\/journee-a-amiens-sur-les-pas-de-jules\/20171211_143957\/'><img loading=\"lazy\" decoding=\"async\" width=\"100\" height=\"100\" src=\"https:\/\/lyceejeanracine.fr\/wdps\/wp-content\/uploads\/2017\/12\/20171211_143957-100x100.jpg\" class=\"attachment-thumbnail size-thumbnail\" alt=\"\" \/><\/a>\n\t\t\t<\/dt><\/dl><dl class='gallery-item'>\n\t\t\t<dt class='gallery-icon landscape'>\n\t\t\t\t<a href='https:\/\/lyceejeanracine.fr\/wdps\/index.php\/2017\/12\/11\/journee-a-amiens-sur-les-pas-de-jules\/20171211_122744\/'><img loading=\"lazy\" decoding=\"async\" width=\"100\" height=\"100\" src=\"https:\/\/lyceejeanracine.fr\/wdps\/wp-content\/uploads\/2017\/12\/20171211_122744-100x100.jpg\" class=\"attachment-thumbnail size-thumbnail\" alt=\"\" \/><\/a>\n\t\t\t<\/dt><\/dl><br style=\"clear: both\" \/><dl class='gallery-item'>\n\t\t\t<dt class='gallery-icon landscape'>\n\t\t\t\t<a href='https:\/\/lyceejeanracine.fr\/wdps\/index.php\/2017\/12\/11\/journee-a-amiens-sur-les-pas-de-jules\/20171211_122739\/'><img loading=\"lazy\" decoding=\"async\" width=\"100\" height=\"100\" src=\"https:\/\/lyceejeanracine.fr\/wdps\/wp-content\/uploads\/2017\/12\/20171211_122739-100x100.jpg\" class=\"attachment-thumbnail size-thumbnail\" alt=\"\" \/><\/a>\n\t\t\t<\/dt><\/dl><dl class='gallery-item'>\n\t\t\t<dt class='gallery-icon landscape'>\n\t\t\t\t<a href='https:\/\/lyceejeanracine.fr\/wdps\/index.php\/2017\/12\/11\/journee-a-amiens-sur-les-pas-de-jules\/20171211_094916\/'><img loading=\"lazy\" decoding=\"async\" width=\"100\" height=\"100\" src=\"https:\/\/lyceejeanracine.fr\/wdps\/wp-content\/uploads\/2017\/12\/20171211_094916-100x100.jpg\" class=\"attachment-thumbnail size-thumbnail\" alt=\"\" \/><\/a>\n\t\t\t<\/dt><\/dl><dl class='gallery-item'>\n\t\t\t<dt class='gallery-icon landscape'>\n\t\t\t\t<a href='https:\/\/lyceejeanracine.fr\/wdps\/index.php\/2017\/12\/11\/journee-a-amiens-sur-les-pas-de-jules\/20171211_120248\/'><img loading=\"lazy\" decoding=\"async\" width=\"100\" height=\"100\" src=\"https:\/\/lyceejeanracine.fr\/wdps\/wp-content\/uploads\/2017\/12\/20171211_120248-100x100.jpg\" class=\"attachment-thumbnail size-thumbnail\" alt=\"\" \/><\/a>\n\t\t\t<\/dt><\/dl><br style=\"clear: both\" \/><dl class='gallery-item'>\n\t\t\t<dt class='gallery-icon landscape'>\n\t\t\t\t<a href='https:\/\/lyceejeanracine.fr\/wdps\/index.php\/2017\/12\/11\/journee-a-amiens-sur-les-pas-de-jules\/20171211_094134\/'><img loading=\"lazy\" decoding=\"async\" width=\"100\" height=\"100\" src=\"https:\/\/lyceejeanracine.fr\/wdps\/wp-content\/uploads\/2017\/12\/20171211_094134-100x100.jpg\" class=\"attachment-thumbnail size-thumbnail\" alt=\"\" \/><\/a>\n\t\t\t<\/dt><\/dl>\n\t\t\t<br style='clear: both' \/>\n\t\t<\/div>\n\n","protected":false},"excerpt":{"rendered":"<p><a href=\"https:\/\/lyceejeanracine.fr\/wdps\/wp-content\/uploads\/2017\/12\/20171211_094916.jpg\"><\/a><strong>Ce lundi 11 d\u00e9cembre<\/strong>, les 33 \u00e9l\u00e8ves de secondes option \u00ab\u00a0Litt\u00e9rature et soci\u00e9t\u00e9\u00a0\u00bb sont partis sur les traces de Jules Verne \u00e0 Amiens.<\/p><p><a class=\"more-link btn\" href=\"https:\/\/lyceejeanracine.fr\/wdps\/index.php\/2017\/12\/11\/journee-a-amiens-sur-les-pas-de-jules\/\">Lire la suite<\/a><\/p>\n","protected":false},"author":1,"featured_media":710,"comment_status":"open","ping_status":"open","sticky":false,"template":"","format":"standard","meta":{"ngg_post_thumbnail":0,"footnotes":""},"categories":[7,4,27],"tags":[],"post_mailing_queue_ids":[],"_links":{"self":[{"href":"https:\/\/lyceejeanracine.fr\/wdps\/index.php\/wp-json\/wp\/v2\/posts\/708"}],"collection":[{"href":"https:\/\/lyceejeanracine.fr\/wdps\/index.php\/wp-json\/wp\/v2\/posts"}],"about":[{"href":"https:\/\/lyceejeanracine.fr\/wdps\/index.php\/wp-json\/wp\/v2\/types\/post"}],"author":[{"embeddable":true,"href":"https:\/\/lyceejeanracine.fr\/wdps\/index.php\/wp-json\/wp\/v2\/users\/1"}],"replies":[{"embeddable":true,"href":"https:\/\/lyceejeanracine.fr\/wdps\/index.php\/wp-json\/wp\/v2\/comments?post=708"}],"version-history":[{"count":7,"href":"https:\/\/lyceejeanracine.fr\/wdps\/index.php\/wp-json\/wp\/v2\/posts\/708\/revisions"}],"predecessor-version":[{"id":725,"href":"https:\/\/lyceejeanracine.fr\/wdps\/index.php\/wp-json\/wp\/v2\/posts\/708\/revisions\/725"}],"wp:featuredmedia":[{"embeddable":true,"href":"https:\/\/lyceejeanracine.fr\/wdps\/index.php\/wp-json\/wp\/v2\/media\/710"}],"wp:attachment":[{"href":"https:\/\/lyceejeanracine.fr\/wdps\/index.php\/wp-json\/wp\/v2\/media?parent=708"}],"wp:term":[{"taxonomy":"category","embeddable":true,"href":"https:\/\/lyceejeanracine.fr\/wdps\/index.php\/wp-json\/wp\/v2\/categories?post=708"},{"taxonomy":"post_tag","embeddable":true,"href":"https:\/\/lyceejeanracine.fr\/wdps\/index.php\/wp-json\/wp\/v2\/tags?post=708"}],"curies":[{"name":"wp","href":"https:\/\/api.w.org\/{rel}","templated":true}]}}