{"id":7137,"date":"2023-08-30T22:25:08","date_gmt":"2023-08-30T20:25:08","guid":{"rendered":"https:\/\/lyceejeanracine.fr\/wdps\/?p=7137"},"modified":"2023-08-30T22:25:08","modified_gmt":"2023-08-30T20:25:08","slug":"retour-sur-la-journee-des-talents-2023-organisee-par-le-cvl","status":"publish","type":"post","link":"https:\/\/lyceejeanracine.fr\/wdps\/index.php\/2023\/08\/30\/retour-sur-la-journee-des-talents-2023-organisee-par-le-cvl\/","title":{"rendered":"<em>Retour sur la Journ\u00e9e Des Talents 2023 organis\u00e9e par le CVL !&nbsp;<\/em>"},"content":{"rendered":"\n<p><em>\u00c0 quelques jours de la rentr\u00e9e, nous vous proposons de revenir sur la journ\u00e9e des talents du 1er juin dernier \u00e0 travers la vid\u00e9o ci-dessous :<\/em><em> <\/em><\/p>\n\n\n\n<figure class=\"wp-block-embed is-type-video is-provider-youtube wp-block-embed-youtube wp-embed-aspect-16-9 wp-has-aspect-ratio\"><div class=\"wp-block-embed__wrapper\">\n<iframe loading=\"lazy\" title=\"Journ\u00e9e des talents 2023\" width=\"750\" height=\"422\" src=\"https:\/\/www.youtube.com\/embed\/Ivr0zue73To?feature=oembed\" frameborder=\"0\" allow=\"accelerometer; autoplay; clipboard-write; encrypted-media; gyroscope; picture-in-picture; web-share\" allowfullscreen><\/iframe>\n<\/div><\/figure>\n\n\n\n<p><em>Un grand merci au CVL pour l&rsquo;organisation de cette journ\u00e9e de fin d&rsquo;ann\u00e9e. On se retrouve en 2024 pour une nouvelle \u00e9dition et de nouveaux talents !&nbsp;<\/em><\/p>\n\n\n\n<p><em>Nous souhaitons de bons derniers jours de repos avant la rentr\u00e9e au lyc\u00e9e \u00e0 nos \u00e9l\u00e8ves et nouveaux \u00e9l\u00e8ves, ainsi qu&rsquo;une bonne rentr\u00e9e dans le sup\u00e9rieur ou dans la vie active pour nos anciens \u00e9l\u00e8ves !&nbsp;<\/em><\/p>\n","protected":false},"excerpt":{"rendered":"<p>\u00c0 quelques jours de la rentr\u00e9e, nous vous proposons de revenir sur la journ\u00e9e des talents du 1er juin dernier \u00e0 travers la vid\u00e9o ci-dessous : <\/p>\n<p>Un grand merci au CVL pour l&rsquo;organisation de cette journ\u00e9e de fin d&rsquo;ann\u00e9e. On se retrouve en 2024 pour une nouvelle \u00e9dition et de nouveaux talents !&nbsp;<\/p>\n<p>Nous &hellip; <\/p>\n<p><a class=\"more-link btn\" href=\"https:\/\/lyceejeanracine.fr\/wdps\/index.php\/2023\/08\/30\/retour-sur-la-journee-des-talents-2023-organisee-par-le-cvl\/\">Lire la suite<\/a><\/p>\n","protected":false},"author":1,"featured_media":7139,"comment_status":"open","ping_status":"open","sticky":false,"template":"","format":"standard","meta":{"ngg_post_thumbnail":0,"footnotes":""},"categories":[52,7,4],"tags":[],"post_mailing_queue_ids":[],"_links":{"self":[{"href":"https:\/\/lyceejeanracine.fr\/wdps\/index.php\/wp-json\/wp\/v2\/posts\/7137"}],"collection":[{"href":"https:\/\/lyceejeanracine.fr\/wdps\/index.php\/wp-json\/wp\/v2\/posts"}],"about":[{"href":"https:\/\/lyceejeanracine.fr\/wdps\/index.php\/wp-json\/wp\/v2\/types\/post"}],"author":[{"embeddable":true,"href":"https:\/\/lyceejeanracine.fr\/wdps\/index.php\/wp-json\/wp\/v2\/users\/1"}],"replies":[{"embeddable":true,"href":"https:\/\/lyceejeanracine.fr\/wdps\/index.php\/wp-json\/wp\/v2\/comments?post=7137"}],"version-history":[{"count":1,"href":"https:\/\/lyceejeanracine.fr\/wdps\/index.php\/wp-json\/wp\/v2\/posts\/7137\/revisions"}],"predecessor-version":[{"id":7138,"href":"https:\/\/lyceejeanracine.fr\/wdps\/index.php\/wp-json\/wp\/v2\/posts\/7137\/revisions\/7138"}],"wp:featuredmedia":[{"embeddable":true,"href":"https:\/\/lyceejeanracine.fr\/wdps\/index.php\/wp-json\/wp\/v2\/media\/7139"}],"wp:attachment":[{"href":"https:\/\/lyceejeanracine.fr\/wdps\/index.php\/wp-json\/wp\/v2\/media?parent=7137"}],"wp:term":[{"taxonomy":"category","embeddable":true,"href":"https:\/\/lyceejeanracine.fr\/wdps\/index.php\/wp-json\/wp\/v2\/categories?post=7137"},{"taxonomy":"post_tag","embeddable":true,"href":"https:\/\/lyceejeanracine.fr\/wdps\/index.php\/wp-json\/wp\/v2\/tags?post=7137"}],"curies":[{"name":"wp","href":"https:\/\/api.w.org\/{rel}","templated":true}]}}