{"id":7191,"date":"2023-10-17T22:24:27","date_gmt":"2023-10-17T20:24:27","guid":{"rendered":"https:\/\/lyceejeanracine.fr\/wdps\/?p=7191"},"modified":"2023-10-17T22:24:27","modified_gmt":"2023-10-17T20:24:27","slug":"defile-intergenerationnel","status":"publish","type":"post","link":"https:\/\/lyceejeanracine.fr\/wdps\/index.php\/2023\/10\/17\/defile-intergenerationnel\/","title":{"rendered":"D\u00e9fil\u00e9 interg\u00e9n\u00e9rationnel"},"content":{"rendered":"\n<p>Une belle journ\u00e9e avec un d\u00e9fil\u00e9 interg\u00e9n\u00e9rationnel s&rsquo;est d\u00e9roul\u00e9e le 3 octobre (2023) \u00e0<strong> l&rsquo;EHPAD Lucien Vivien de Montdidier.<\/strong><br>Le matin, les \u00e9l\u00e8ves ont r\u00e9alis\u00e9 un buffet compos\u00e9 de compotes pommes\/poires, de palets de dame, de panna cotta, de roses des sables, de cakes au citron et de marbr\u00e9s.<br>Pour encha\u00eener avec un d\u00e9jeuner avec nos a\u00een\u00e9s.<br>Puis, les \u00e9l\u00e8ves et les r\u00e9sidents sont all\u00e9s se pr\u00e9parer avec les v\u00eatements du magasin <mark style=\"background-color:rgba(0, 0, 0, 0)\" class=\"has-inline-color has-pale-pink-color\"><strong>Pink Lady<\/strong> <\/mark>pour un d\u00e9fil\u00e9 sur un joli tapis rouge.<br>Nous avons termin\u00e9 cette agr\u00e9able journ\u00e9e par un go\u00fbter partag\u00e9.<br>Bravo \u00e0 tous pour ce beau moment \ud83d\udc4f\ud83d\udc4f\ud83e\udd70<\/p>\n\n\n\n<figure class=\"wp-block-embed is-type-video is-provider-youtube wp-block-embed-youtube wp-embed-aspect-16-9 wp-has-aspect-ratio\"><div class=\"wp-block-embed__wrapper\">\n<iframe loading=\"lazy\" title=\"D\u00e9fil\u00e9 interg\u00e9n\u00e9rationnel\" width=\"750\" height=\"422\" src=\"https:\/\/www.youtube.com\/embed\/LBccphPsiig?feature=oembed\" frameborder=\"0\" allow=\"accelerometer; autoplay; clipboard-write; encrypted-media; gyroscope; picture-in-picture; web-share\" allowfullscreen><\/iframe>\n<\/div><\/figure>\n\n\n\n<figure class=\"wp-block-gallery has-nested-images columns-default is-cropped wp-block-gallery-1 is-layout-flex wp-block-gallery-is-layout-flex\">\n<figure class=\"wp-block-image size-large\"><img loading=\"lazy\" decoding=\"async\" width=\"537\" height=\"960\" data-id=\"7198\" src=\"https:\/\/lyceejeanracine.fr\/wdps\/wp-content\/uploads\/2023\/10\/8.jpg\" alt=\"\" class=\"wp-image-7198\" srcset=\"https:\/\/lyceejeanracine.fr\/wdps\/wp-content\/uploads\/2023\/10\/8.jpg 537w, https:\/\/lyceejeanracine.fr\/wdps\/wp-content\/uploads\/2023\/10\/8-168x300.jpg 168w\" sizes=\"(max-width: 537px) 100vw, 537px\" \/><\/figure>\n\n\n\n<figure class=\"wp-block-image size-large\"><img loading=\"lazy\" decoding=\"async\" width=\"537\" height=\"960\" data-id=\"7194\" src=\"https:\/\/lyceejeanracine.fr\/wdps\/wp-content\/uploads\/2023\/10\/7.jpg\" alt=\"\" class=\"wp-image-7194\" srcset=\"https:\/\/lyceejeanracine.fr\/wdps\/wp-content\/uploads\/2023\/10\/7.jpg 537w, https:\/\/lyceejeanracine.fr\/wdps\/wp-content\/uploads\/2023\/10\/7-168x300.jpg 168w\" sizes=\"(max-width: 537px) 100vw, 537px\" \/><\/figure>\n\n\n\n<figure class=\"wp-block-image size-large\"><img loading=\"lazy\" decoding=\"async\" width=\"537\" height=\"960\" data-id=\"7195\" src=\"https:\/\/lyceejeanracine.fr\/wdps\/wp-content\/uploads\/2023\/10\/6.jpg\" alt=\"\" class=\"wp-image-7195\" srcset=\"https:\/\/lyceejeanracine.fr\/wdps\/wp-content\/uploads\/2023\/10\/6.jpg 537w, https:\/\/lyceejeanracine.fr\/wdps\/wp-content\/uploads\/2023\/10\/6-168x300.jpg 168w\" sizes=\"(max-width: 537px) 100vw, 537px\" \/><\/figure>\n\n\n\n<figure class=\"wp-block-image size-large\"><img loading=\"lazy\" decoding=\"async\" width=\"537\" height=\"960\" data-id=\"7192\" src=\"https:\/\/lyceejeanracine.fr\/wdps\/wp-content\/uploads\/2023\/10\/5.jpg\" alt=\"\" class=\"wp-image-7192\" srcset=\"https:\/\/lyceejeanracine.fr\/wdps\/wp-content\/uploads\/2023\/10\/5.jpg 537w, https:\/\/lyceejeanracine.fr\/wdps\/wp-content\/uploads\/2023\/10\/5-168x300.jpg 168w\" sizes=\"(max-width: 537px) 100vw, 537px\" \/><\/figure>\n\n\n\n<figure class=\"wp-block-image size-large\"><img loading=\"lazy\" decoding=\"async\" width=\"537\" height=\"960\" data-id=\"7193\" src=\"https:\/\/lyceejeanracine.fr\/wdps\/wp-content\/uploads\/2023\/10\/4.jpg\" alt=\"\" class=\"wp-image-7193\" srcset=\"https:\/\/lyceejeanracine.fr\/wdps\/wp-content\/uploads\/2023\/10\/4.jpg 537w, https:\/\/lyceejeanracine.fr\/wdps\/wp-content\/uploads\/2023\/10\/4-168x300.jpg 168w\" sizes=\"(max-width: 537px) 100vw, 537px\" \/><\/figure>\n\n\n\n<figure class=\"wp-block-image size-large\"><img loading=\"lazy\" decoding=\"async\" width=\"540\" height=\"960\" data-id=\"7197\" src=\"https:\/\/lyceejeanracine.fr\/wdps\/wp-content\/uploads\/2023\/10\/3.jpg\" alt=\"\" class=\"wp-image-7197\" srcset=\"https:\/\/lyceejeanracine.fr\/wdps\/wp-content\/uploads\/2023\/10\/3.jpg 540w, https:\/\/lyceejeanracine.fr\/wdps\/wp-content\/uploads\/2023\/10\/3-169x300.jpg 169w\" sizes=\"(max-width: 540px) 100vw, 540px\" \/><\/figure>\n\n\n\n<figure class=\"wp-block-image size-large\"><img loading=\"lazy\" decoding=\"async\" width=\"537\" height=\"960\" data-id=\"7199\" src=\"https:\/\/lyceejeanracine.fr\/wdps\/wp-content\/uploads\/2023\/10\/2.jpg\" alt=\"\" class=\"wp-image-7199\" srcset=\"https:\/\/lyceejeanracine.fr\/wdps\/wp-content\/uploads\/2023\/10\/2.jpg 537w, https:\/\/lyceejeanracine.fr\/wdps\/wp-content\/uploads\/2023\/10\/2-168x300.jpg 168w\" sizes=\"(max-width: 537px) 100vw, 537px\" \/><\/figure>\n\n\n\n<figure class=\"wp-block-image size-large\"><img loading=\"lazy\" decoding=\"async\" width=\"960\" height=\"540\" data-id=\"7196\" src=\"https:\/\/lyceejeanracine.fr\/wdps\/wp-content\/uploads\/2023\/10\/1.jpg\" alt=\"\" class=\"wp-image-7196\" srcset=\"https:\/\/lyceejeanracine.fr\/wdps\/wp-content\/uploads\/2023\/10\/1.jpg 960w, https:\/\/lyceejeanracine.fr\/wdps\/wp-content\/uploads\/2023\/10\/1-300x169.jpg 300w, https:\/\/lyceejeanracine.fr\/wdps\/wp-content\/uploads\/2023\/10\/1-768x432.jpg 768w, https:\/\/lyceejeanracine.fr\/wdps\/wp-content\/uploads\/2023\/10\/1-750x422.jpg 750w\" sizes=\"(max-width: 960px) 100vw, 960px\" \/><\/figure>\n<\/figure>\n","protected":false},"excerpt":{"rendered":"<p>Une belle journ\u00e9e avec un d\u00e9fil\u00e9 interg\u00e9n\u00e9rationnel s&rsquo;est d\u00e9roul\u00e9e le 3 octobre (2023) \u00e0<strong> l&rsquo;EHPAD Lucien Vivien de Montdidier.<\/strong><br \/>Le matin, les \u00e9l\u00e8ves ont r\u00e9alis\u00e9 un buffet compos\u00e9 de compotes pommes\/poires, de palets de dame, de panna cotta, de roses des sables, de cakes au citron et de marbr\u00e9s.<br \/>Pour encha\u00eener avec un d\u00e9jeuner avec nos a\u00een\u00e9s.<br \/>Puis, &hellip; <\/p>\n<p><a class=\"more-link btn\" href=\"https:\/\/lyceejeanracine.fr\/wdps\/index.php\/2023\/10\/17\/defile-intergenerationnel\/\">Lire la suite<\/a><\/p>\n","protected":false},"author":1,"featured_media":7200,"comment_status":"open","ping_status":"open","sticky":false,"template":"","format":"standard","meta":{"ngg_post_thumbnail":0,"footnotes":""},"categories":[42,57,7,4,27],"tags":[],"post_mailing_queue_ids":[],"_links":{"self":[{"href":"https:\/\/lyceejeanracine.fr\/wdps\/index.php\/wp-json\/wp\/v2\/posts\/7191"}],"collection":[{"href":"https:\/\/lyceejeanracine.fr\/wdps\/index.php\/wp-json\/wp\/v2\/posts"}],"about":[{"href":"https:\/\/lyceejeanracine.fr\/wdps\/index.php\/wp-json\/wp\/v2\/types\/post"}],"author":[{"embeddable":true,"href":"https:\/\/lyceejeanracine.fr\/wdps\/index.php\/wp-json\/wp\/v2\/users\/1"}],"replies":[{"embeddable":true,"href":"https:\/\/lyceejeanracine.fr\/wdps\/index.php\/wp-json\/wp\/v2\/comments?post=7191"}],"version-history":[{"count":1,"href":"https:\/\/lyceejeanracine.fr\/wdps\/index.php\/wp-json\/wp\/v2\/posts\/7191\/revisions"}],"predecessor-version":[{"id":7201,"href":"https:\/\/lyceejeanracine.fr\/wdps\/index.php\/wp-json\/wp\/v2\/posts\/7191\/revisions\/7201"}],"wp:featuredmedia":[{"embeddable":true,"href":"https:\/\/lyceejeanracine.fr\/wdps\/index.php\/wp-json\/wp\/v2\/media\/7200"}],"wp:attachment":[{"href":"https:\/\/lyceejeanracine.fr\/wdps\/index.php\/wp-json\/wp\/v2\/media?parent=7191"}],"wp:term":[{"taxonomy":"category","embeddable":true,"href":"https:\/\/lyceejeanracine.fr\/wdps\/index.php\/wp-json\/wp\/v2\/categories?post=7191"},{"taxonomy":"post_tag","embeddable":true,"href":"https:\/\/lyceejeanracine.fr\/wdps\/index.php\/wp-json\/wp\/v2\/tags?post=7191"}],"curies":[{"name":"wp","href":"https:\/\/api.w.org\/{rel}","templated":true}]}}