{"id":7202,"date":"2023-10-17T22:36:43","date_gmt":"2023-10-17T20:36:43","guid":{"rendered":"https:\/\/lyceejeanracine.fr\/wdps\/?p=7202"},"modified":"2023-10-17T22:36:44","modified_gmt":"2023-10-17T20:36:44","slug":"la-lyceenne-unss-2","status":"publish","type":"post","link":"https:\/\/lyceejeanracine.fr\/wdps\/index.php\/2023\/10\/17\/la-lyceenne-unss-2\/","title":{"rendered":"LA LYCEENNE UNSS"},"content":{"rendered":"\n<p>La course 100% f\u00e9minine !<\/p>\n\n\n\n<p>20 filles du lyc\u00e9e inscrites aupr\u00e8s des enseignants d\u2019EPS y ont particip\u00e9. Le grand premier rendez-vous UNSS !<\/p>\n\n\n\n<p>Une belle journ\u00e9e sportive pour les filles du lyc\u00e9e de Montdidier ce mercredi 4 octobre \u00e0 Amiens.<\/p>\n\n\n\n<figure class=\"wp-block-gallery has-nested-images columns-default is-cropped wp-block-gallery-1 is-layout-flex wp-block-gallery-is-layout-flex\">\n<figure class=\"wp-block-image size-large\"><img loading=\"lazy\" decoding=\"async\" width=\"828\" height=\"547\" data-id=\"7204\" src=\"https:\/\/lyceejeanracine.fr\/wdps\/wp-content\/uploads\/2023\/10\/12.jpg\" alt=\"\" class=\"wp-image-7204\" srcset=\"https:\/\/lyceejeanracine.fr\/wdps\/wp-content\/uploads\/2023\/10\/12.jpg 828w, https:\/\/lyceejeanracine.fr\/wdps\/wp-content\/uploads\/2023\/10\/12-300x198.jpg 300w, https:\/\/lyceejeanracine.fr\/wdps\/wp-content\/uploads\/2023\/10\/12-768x507.jpg 768w, https:\/\/lyceejeanracine.fr\/wdps\/wp-content\/uploads\/2023\/10\/12-750x495.jpg 750w\" sizes=\"(max-width: 828px) 100vw, 828px\" \/><\/figure>\n\n\n\n<figure class=\"wp-block-image size-large\"><img loading=\"lazy\" decoding=\"async\" width=\"768\" height=\"1024\" data-id=\"7203\" src=\"https:\/\/lyceejeanracine.fr\/wdps\/wp-content\/uploads\/2023\/10\/11-768x1024.jpg\" alt=\"\" class=\"wp-image-7203\" srcset=\"https:\/\/lyceejeanracine.fr\/wdps\/wp-content\/uploads\/2023\/10\/11-768x1024.jpg 768w, https:\/\/lyceejeanracine.fr\/wdps\/wp-content\/uploads\/2023\/10\/11-225x300.jpg 225w, https:\/\/lyceejeanracine.fr\/wdps\/wp-content\/uploads\/2023\/10\/11-750x1000.jpg 750w, https:\/\/lyceejeanracine.fr\/wdps\/wp-content\/uploads\/2023\/10\/11.jpg 1125w\" sizes=\"(max-width: 768px) 100vw, 768px\" \/><\/figure>\n\n\n\n<figure class=\"wp-block-image size-large\"><img loading=\"lazy\" decoding=\"async\" width=\"1024\" height=\"768\" data-id=\"7205\" src=\"https:\/\/lyceejeanracine.fr\/wdps\/wp-content\/uploads\/2023\/10\/10-1024x768.jpg\" alt=\"\" class=\"wp-image-7205\" srcset=\"https:\/\/lyceejeanracine.fr\/wdps\/wp-content\/uploads\/2023\/10\/10-1024x768.jpg 1024w, https:\/\/lyceejeanracine.fr\/wdps\/wp-content\/uploads\/2023\/10\/10-300x225.jpg 300w, https:\/\/lyceejeanracine.fr\/wdps\/wp-content\/uploads\/2023\/10\/10-768x576.jpg 768w, https:\/\/lyceejeanracine.fr\/wdps\/wp-content\/uploads\/2023\/10\/10-750x563.jpg 750w, https:\/\/lyceejeanracine.fr\/wdps\/wp-content\/uploads\/2023\/10\/10.jpg 1500w\" sizes=\"(max-width: 1024px) 100vw, 1024px\" \/><\/figure>\n<\/figure>\n","protected":false},"excerpt":{"rendered":"<p>La course 100% f\u00e9minine !<\/p>\n<p>20 filles du lyc\u00e9e inscrites aupr\u00e8s des enseignants d\u2019EPS y ont particip\u00e9. Le grand premier rendez-vous UNSS !<\/p>\n<p>Une belle journ\u00e9e sportive pour les filles du lyc\u00e9e de Montdidier ce mercredi 4 octobre \u00e0 Amiens.<\/p>\n","protected":false},"author":1,"featured_media":7204,"comment_status":"open","ping_status":"open","sticky":false,"template":"","format":"standard","meta":{"ngg_post_thumbnail":0,"footnotes":""},"categories":[26,7,4],"tags":[],"post_mailing_queue_ids":[],"_links":{"self":[{"href":"https:\/\/lyceejeanracine.fr\/wdps\/index.php\/wp-json\/wp\/v2\/posts\/7202"}],"collection":[{"href":"https:\/\/lyceejeanracine.fr\/wdps\/index.php\/wp-json\/wp\/v2\/posts"}],"about":[{"href":"https:\/\/lyceejeanracine.fr\/wdps\/index.php\/wp-json\/wp\/v2\/types\/post"}],"author":[{"embeddable":true,"href":"https:\/\/lyceejeanracine.fr\/wdps\/index.php\/wp-json\/wp\/v2\/users\/1"}],"replies":[{"embeddable":true,"href":"https:\/\/lyceejeanracine.fr\/wdps\/index.php\/wp-json\/wp\/v2\/comments?post=7202"}],"version-history":[{"count":1,"href":"https:\/\/lyceejeanracine.fr\/wdps\/index.php\/wp-json\/wp\/v2\/posts\/7202\/revisions"}],"predecessor-version":[{"id":7206,"href":"https:\/\/lyceejeanracine.fr\/wdps\/index.php\/wp-json\/wp\/v2\/posts\/7202\/revisions\/7206"}],"wp:featuredmedia":[{"embeddable":true,"href":"https:\/\/lyceejeanracine.fr\/wdps\/index.php\/wp-json\/wp\/v2\/media\/7204"}],"wp:attachment":[{"href":"https:\/\/lyceejeanracine.fr\/wdps\/index.php\/wp-json\/wp\/v2\/media?parent=7202"}],"wp:term":[{"taxonomy":"category","embeddable":true,"href":"https:\/\/lyceejeanracine.fr\/wdps\/index.php\/wp-json\/wp\/v2\/categories?post=7202"},{"taxonomy":"post_tag","embeddable":true,"href":"https:\/\/lyceejeanracine.fr\/wdps\/index.php\/wp-json\/wp\/v2\/tags?post=7202"}],"curies":[{"name":"wp","href":"https:\/\/api.w.org\/{rel}","templated":true}]}}