{"id":7288,"date":"2023-12-07T17:57:38","date_gmt":"2023-12-07T16:57:38","guid":{"rendered":"https:\/\/lyceejeanracine.fr\/wdps\/?p=7288"},"modified":"2023-12-07T17:57:39","modified_gmt":"2023-12-07T16:57:39","slug":"concert-de-noel","status":"publish","type":"post","link":"https:\/\/lyceejeanracine.fr\/wdps\/index.php\/2023\/12\/07\/concert-de-noel\/","title":{"rendered":"CONCERT DE NO\u00cbL"},"content":{"rendered":"\n<p>L&rsquo;orchestre du Lyc\u00e9e Jean Racine se produira dans le Hall du lyc\u00e9e le vendredi 22 d\u00e9cembre \u00e0 15h<\/p>\n\n\n\n<figure class=\"wp-block-image size-large\"><img loading=\"lazy\" decoding=\"async\" width=\"724\" height=\"1024\" src=\"https:\/\/lyceejeanracine.fr\/wdps\/wp-content\/uploads\/2023\/12\/Pink-Illustrative-Merry-Christmas-Poster-724x1024.jpg\" alt=\"\" class=\"wp-image-7289\" srcset=\"https:\/\/lyceejeanracine.fr\/wdps\/wp-content\/uploads\/2023\/12\/Pink-Illustrative-Merry-Christmas-Poster-724x1024.jpg 724w, https:\/\/lyceejeanracine.fr\/wdps\/wp-content\/uploads\/2023\/12\/Pink-Illustrative-Merry-Christmas-Poster-212x300.jpg 212w, https:\/\/lyceejeanracine.fr\/wdps\/wp-content\/uploads\/2023\/12\/Pink-Illustrative-Merry-Christmas-Poster-768x1086.jpg 768w, https:\/\/lyceejeanracine.fr\/wdps\/wp-content\/uploads\/2023\/12\/Pink-Illustrative-Merry-Christmas-Poster-1087x1536.jpg 1087w, https:\/\/lyceejeanracine.fr\/wdps\/wp-content\/uploads\/2023\/12\/Pink-Illustrative-Merry-Christmas-Poster-750x1060.jpg 750w, https:\/\/lyceejeanracine.fr\/wdps\/wp-content\/uploads\/2023\/12\/Pink-Illustrative-Merry-Christmas-Poster.jpg 1240w\" sizes=\"(max-width: 724px) 100vw, 724px\" \/><\/figure>\n","protected":false},"excerpt":{"rendered":"<p>L&rsquo;orchestre du Lyc\u00e9e Jean Racine se produira dans le Hall du lyc\u00e9e le vendredi 22 d\u00e9cembre \u00e0 15h<\/p>\n","protected":false},"author":1,"featured_media":0,"comment_status":"open","ping_status":"open","sticky":false,"template":"","format":"standard","meta":{"ngg_post_thumbnail":0,"footnotes":""},"categories":[64,7,4],"tags":[],"post_mailing_queue_ids":[],"_links":{"self":[{"href":"https:\/\/lyceejeanracine.fr\/wdps\/index.php\/wp-json\/wp\/v2\/posts\/7288"}],"collection":[{"href":"https:\/\/lyceejeanracine.fr\/wdps\/index.php\/wp-json\/wp\/v2\/posts"}],"about":[{"href":"https:\/\/lyceejeanracine.fr\/wdps\/index.php\/wp-json\/wp\/v2\/types\/post"}],"author":[{"embeddable":true,"href":"https:\/\/lyceejeanracine.fr\/wdps\/index.php\/wp-json\/wp\/v2\/users\/1"}],"replies":[{"embeddable":true,"href":"https:\/\/lyceejeanracine.fr\/wdps\/index.php\/wp-json\/wp\/v2\/comments?post=7288"}],"version-history":[{"count":1,"href":"https:\/\/lyceejeanracine.fr\/wdps\/index.php\/wp-json\/wp\/v2\/posts\/7288\/revisions"}],"predecessor-version":[{"id":7290,"href":"https:\/\/lyceejeanracine.fr\/wdps\/index.php\/wp-json\/wp\/v2\/posts\/7288\/revisions\/7290"}],"wp:attachment":[{"href":"https:\/\/lyceejeanracine.fr\/wdps\/index.php\/wp-json\/wp\/v2\/media?parent=7288"}],"wp:term":[{"taxonomy":"category","embeddable":true,"href":"https:\/\/lyceejeanracine.fr\/wdps\/index.php\/wp-json\/wp\/v2\/categories?post=7288"},{"taxonomy":"post_tag","embeddable":true,"href":"https:\/\/lyceejeanracine.fr\/wdps\/index.php\/wp-json\/wp\/v2\/tags?post=7288"}],"curies":[{"name":"wp","href":"https:\/\/api.w.org\/{rel}","templated":true}]}}