{"id":8228,"date":"2025-01-08T09:24:54","date_gmt":"2025-01-08T08:24:54","guid":{"rendered":"https:\/\/lyceejeanracine.fr\/wdps\/?p=8228"},"modified":"2025-01-08T09:24:55","modified_gmt":"2025-01-08T08:24:55","slug":"forum-des-metiers-au-college-parmentier-de-montdidier","status":"publish","type":"post","link":"https:\/\/lyceejeanracine.fr\/wdps\/index.php\/2025\/01\/08\/forum-des-metiers-au-college-parmentier-de-montdidier\/","title":{"rendered":"Forum des m\u00e9tiers au coll\u00e8ge Parmentier de Montdidier"},"content":{"rendered":"\n<p>Le jeudi 12 d\u00e9cembre 2024, le lyc\u00e9e Jean Racine de Montdidier a particip\u00e9 \u00e0 la premi\u00e8re \u00e9dition du Forum des M\u00e9tiers, un \u00e9v\u00e9nement organis\u00e9 par le coll\u00e8ge Parmentier5.<br>Cette initiative a permis aux \u00e9l\u00e8ves de 3\u00e8me du coll\u00e8ge Parmentier de d\u00e9couvrir les diff\u00e9rentes formations propos\u00e9es par le lyc\u00e9e Jean Racine.<br>Les lyc\u00e9ens de Jean Racine ont eu l&rsquo;opportunit\u00e9 de pr\u00e9senter leurs fili\u00e8res et parcours aux coll\u00e9giens, offrant ainsi un aper\u00e7u concret et authentique des options d&rsquo;\u00e9tudes disponibles.<\/p>\n\n\n\n<figure class=\"wp-block-gallery has-nested-images columns-default is-cropped wp-block-gallery-1 is-layout-flex wp-block-gallery-is-layout-flex\">\n<figure class=\"wp-block-image size-large\"><img loading=\"lazy\" decoding=\"async\" width=\"1024\" height=\"768\" data-id=\"8263\" src=\"https:\/\/lyceejeanracine.fr\/wdps\/wp-content\/uploads\/2025\/01\/1-1024x768.jpeg\" alt=\"\" class=\"wp-image-8263\" srcset=\"https:\/\/lyceejeanracine.fr\/wdps\/wp-content\/uploads\/2025\/01\/1-1024x768.jpeg 1024w, https:\/\/lyceejeanracine.fr\/wdps\/wp-content\/uploads\/2025\/01\/1-300x225.jpeg 300w, https:\/\/lyceejeanracine.fr\/wdps\/wp-content\/uploads\/2025\/01\/1-768x576.jpeg 768w, https:\/\/lyceejeanracine.fr\/wdps\/wp-content\/uploads\/2025\/01\/1-1536x1152.jpeg 1536w, https:\/\/lyceejeanracine.fr\/wdps\/wp-content\/uploads\/2025\/01\/1-750x563.jpeg 750w, https:\/\/lyceejeanracine.fr\/wdps\/wp-content\/uploads\/2025\/01\/1.jpeg 2048w\" sizes=\"(max-width: 1024px) 100vw, 1024px\" \/><\/figure>\n\n\n\n<figure class=\"wp-block-image size-large\"><img loading=\"lazy\" decoding=\"async\" width=\"1024\" height=\"768\" data-id=\"8267\" src=\"https:\/\/lyceejeanracine.fr\/wdps\/wp-content\/uploads\/2025\/01\/2-1024x768.jpeg\" alt=\"\" class=\"wp-image-8267\" srcset=\"https:\/\/lyceejeanracine.fr\/wdps\/wp-content\/uploads\/2025\/01\/2-1024x768.jpeg 1024w, https:\/\/lyceejeanracine.fr\/wdps\/wp-content\/uploads\/2025\/01\/2-300x225.jpeg 300w, https:\/\/lyceejeanracine.fr\/wdps\/wp-content\/uploads\/2025\/01\/2-768x576.jpeg 768w, https:\/\/lyceejeanracine.fr\/wdps\/wp-content\/uploads\/2025\/01\/2-1536x1152.jpeg 1536w, https:\/\/lyceejeanracine.fr\/wdps\/wp-content\/uploads\/2025\/01\/2-750x563.jpeg 750w, https:\/\/lyceejeanracine.fr\/wdps\/wp-content\/uploads\/2025\/01\/2.jpeg 2048w\" sizes=\"(max-width: 1024px) 100vw, 1024px\" \/><\/figure>\n\n\n\n<figure class=\"wp-block-image size-large\"><img loading=\"lazy\" decoding=\"async\" width=\"1024\" height=\"768\" data-id=\"8265\" src=\"https:\/\/lyceejeanracine.fr\/wdps\/wp-content\/uploads\/2025\/01\/3-1024x768.jpeg\" alt=\"\" class=\"wp-image-8265\" srcset=\"https:\/\/lyceejeanracine.fr\/wdps\/wp-content\/uploads\/2025\/01\/3-1024x768.jpeg 1024w, https:\/\/lyceejeanracine.fr\/wdps\/wp-content\/uploads\/2025\/01\/3-300x225.jpeg 300w, https:\/\/lyceejeanracine.fr\/wdps\/wp-content\/uploads\/2025\/01\/3-768x576.jpeg 768w, https:\/\/lyceejeanracine.fr\/wdps\/wp-content\/uploads\/2025\/01\/3-1536x1152.jpeg 1536w, https:\/\/lyceejeanracine.fr\/wdps\/wp-content\/uploads\/2025\/01\/3-750x563.jpeg 750w, https:\/\/lyceejeanracine.fr\/wdps\/wp-content\/uploads\/2025\/01\/3.jpeg 2048w\" sizes=\"(max-width: 1024px) 100vw, 1024px\" \/><\/figure>\n\n\n\n<figure class=\"wp-block-image size-large\"><img loading=\"lazy\" decoding=\"async\" width=\"1024\" height=\"768\" data-id=\"8269\" src=\"https:\/\/lyceejeanracine.fr\/wdps\/wp-content\/uploads\/2025\/01\/4-1024x768.jpeg\" alt=\"\" class=\"wp-image-8269\" srcset=\"https:\/\/lyceejeanracine.fr\/wdps\/wp-content\/uploads\/2025\/01\/4-1024x768.jpeg 1024w, https:\/\/lyceejeanracine.fr\/wdps\/wp-content\/uploads\/2025\/01\/4-300x225.jpeg 300w, https:\/\/lyceejeanracine.fr\/wdps\/wp-content\/uploads\/2025\/01\/4-768x576.jpeg 768w, https:\/\/lyceejeanracine.fr\/wdps\/wp-content\/uploads\/2025\/01\/4-1536x1152.jpeg 1536w, https:\/\/lyceejeanracine.fr\/wdps\/wp-content\/uploads\/2025\/01\/4-750x563.jpeg 750w, https:\/\/lyceejeanracine.fr\/wdps\/wp-content\/uploads\/2025\/01\/4.jpeg 2048w\" sizes=\"(max-width: 1024px) 100vw, 1024px\" \/><\/figure>\n\n\n\n<figure class=\"wp-block-image size-large\"><img loading=\"lazy\" decoding=\"async\" width=\"1024\" height=\"768\" data-id=\"8262\" src=\"https:\/\/lyceejeanracine.fr\/wdps\/wp-content\/uploads\/2025\/01\/5-1024x768.jpeg\" alt=\"\" class=\"wp-image-8262\" srcset=\"https:\/\/lyceejeanracine.fr\/wdps\/wp-content\/uploads\/2025\/01\/5-1024x768.jpeg 1024w, https:\/\/lyceejeanracine.fr\/wdps\/wp-content\/uploads\/2025\/01\/5-300x225.jpeg 300w, https:\/\/lyceejeanracine.fr\/wdps\/wp-content\/uploads\/2025\/01\/5-768x576.jpeg 768w, https:\/\/lyceejeanracine.fr\/wdps\/wp-content\/uploads\/2025\/01\/5-1536x1152.jpeg 1536w, https:\/\/lyceejeanracine.fr\/wdps\/wp-content\/uploads\/2025\/01\/5-750x563.jpeg 750w, https:\/\/lyceejeanracine.fr\/wdps\/wp-content\/uploads\/2025\/01\/5.jpeg 2048w\" sizes=\"(max-width: 1024px) 100vw, 1024px\" \/><\/figure>\n\n\n\n<figure class=\"wp-block-image size-large\"><img loading=\"lazy\" decoding=\"async\" width=\"1024\" height=\"768\" data-id=\"8268\" src=\"https:\/\/lyceejeanracine.fr\/wdps\/wp-content\/uploads\/2025\/01\/6-1024x768.jpeg\" alt=\"\" class=\"wp-image-8268\" srcset=\"https:\/\/lyceejeanracine.fr\/wdps\/wp-content\/uploads\/2025\/01\/6-1024x768.jpeg 1024w, https:\/\/lyceejeanracine.fr\/wdps\/wp-content\/uploads\/2025\/01\/6-300x225.jpeg 300w, https:\/\/lyceejeanracine.fr\/wdps\/wp-content\/uploads\/2025\/01\/6-768x576.jpeg 768w, https:\/\/lyceejeanracine.fr\/wdps\/wp-content\/uploads\/2025\/01\/6-1536x1152.jpeg 1536w, https:\/\/lyceejeanracine.fr\/wdps\/wp-content\/uploads\/2025\/01\/6-750x563.jpeg 750w, https:\/\/lyceejeanracine.fr\/wdps\/wp-content\/uploads\/2025\/01\/6.jpeg 2048w\" sizes=\"(max-width: 1024px) 100vw, 1024px\" \/><\/figure>\n\n\n\n<figure class=\"wp-block-image size-large\"><img loading=\"lazy\" decoding=\"async\" width=\"768\" height=\"1024\" data-id=\"8270\" src=\"https:\/\/lyceejeanracine.fr\/wdps\/wp-content\/uploads\/2025\/01\/7-768x1024.jpeg\" alt=\"\" class=\"wp-image-8270\" srcset=\"https:\/\/lyceejeanracine.fr\/wdps\/wp-content\/uploads\/2025\/01\/7-768x1024.jpeg 768w, https:\/\/lyceejeanracine.fr\/wdps\/wp-content\/uploads\/2025\/01\/7-225x300.jpeg 225w, https:\/\/lyceejeanracine.fr\/wdps\/wp-content\/uploads\/2025\/01\/7-1152x1536.jpeg 1152w, https:\/\/lyceejeanracine.fr\/wdps\/wp-content\/uploads\/2025\/01\/7-750x1000.jpeg 750w, https:\/\/lyceejeanracine.fr\/wdps\/wp-content\/uploads\/2025\/01\/7.jpeg 1536w\" sizes=\"(max-width: 768px) 100vw, 768px\" \/><\/figure>\n\n\n\n<figure class=\"wp-block-image size-large\"><img loading=\"lazy\" decoding=\"async\" width=\"2048\" height=\"1536\" data-id=\"8266\" src=\"https:\/\/lyceejeanracine.fr\/wdps\/wp-content\/uploads\/2025\/01\/8-1024x768.jpeg\" alt=\"\" class=\"wp-image-8266\" srcset=\"https:\/\/lyceejeanracine.fr\/wdps\/wp-content\/uploads\/2025\/01\/8-1024x768.jpeg 1024w, https:\/\/lyceejeanracine.fr\/wdps\/wp-content\/uploads\/2025\/01\/8-300x225.jpeg 300w, https:\/\/lyceejeanracine.fr\/wdps\/wp-content\/uploads\/2025\/01\/8-768x576.jpeg 768w, https:\/\/lyceejeanracine.fr\/wdps\/wp-content\/uploads\/2025\/01\/8-1536x1152.jpeg 1536w, https:\/\/lyceejeanracine.fr\/wdps\/wp-content\/uploads\/2025\/01\/8-750x563.jpeg 750w, https:\/\/lyceejeanracine.fr\/wdps\/wp-content\/uploads\/2025\/01\/8.jpeg 2048w\" sizes=\"(max-width: 2048px) 100vw, 2048px\" \/><\/figure>\n\n\n\n<figure class=\"wp-block-image size-large\"><img loading=\"lazy\" decoding=\"async\" width=\"1024\" height=\"768\" data-id=\"8264\" src=\"https:\/\/lyceejeanracine.fr\/wdps\/wp-content\/uploads\/2025\/01\/9-1024x768.jpeg\" alt=\"\" class=\"wp-image-8264\" srcset=\"https:\/\/lyceejeanracine.fr\/wdps\/wp-content\/uploads\/2025\/01\/9-1024x768.jpeg 1024w, https:\/\/lyceejeanracine.fr\/wdps\/wp-content\/uploads\/2025\/01\/9-300x225.jpeg 300w, https:\/\/lyceejeanracine.fr\/wdps\/wp-content\/uploads\/2025\/01\/9-768x576.jpeg 768w, https:\/\/lyceejeanracine.fr\/wdps\/wp-content\/uploads\/2025\/01\/9-1536x1152.jpeg 1536w, https:\/\/lyceejeanracine.fr\/wdps\/wp-content\/uploads\/2025\/01\/9-750x563.jpeg 750w, https:\/\/lyceejeanracine.fr\/wdps\/wp-content\/uploads\/2025\/01\/9.jpeg 2048w\" sizes=\"(max-width: 1024px) 100vw, 1024px\" \/><\/figure>\n\n\n\n<figure class=\"wp-block-image size-large\"><img loading=\"lazy\" decoding=\"async\" width=\"1024\" height=\"768\" data-id=\"8271\" src=\"https:\/\/lyceejeanracine.fr\/wdps\/wp-content\/uploads\/2025\/01\/IMG_20241212_143608-1024x768.jpg\" alt=\"\" class=\"wp-image-8271\" srcset=\"https:\/\/lyceejeanracine.fr\/wdps\/wp-content\/uploads\/2025\/01\/IMG_20241212_143608-1024x768.jpg 1024w, https:\/\/lyceejeanracine.fr\/wdps\/wp-content\/uploads\/2025\/01\/IMG_20241212_143608-300x225.jpg 300w, https:\/\/lyceejeanracine.fr\/wdps\/wp-content\/uploads\/2025\/01\/IMG_20241212_143608-768x576.jpg 768w, https:\/\/lyceejeanracine.fr\/wdps\/wp-content\/uploads\/2025\/01\/IMG_20241212_143608-1536x1152.jpg 1536w, https:\/\/lyceejeanracine.fr\/wdps\/wp-content\/uploads\/2025\/01\/IMG_20241212_143608-2048x1536.jpg 2048w, https:\/\/lyceejeanracine.fr\/wdps\/wp-content\/uploads\/2025\/01\/IMG_20241212_143608-750x563.jpg 750w\" sizes=\"(max-width: 1024px) 100vw, 1024px\" \/><\/figure>\n<\/figure>\n","protected":false},"excerpt":{"rendered":"<p>Le jeudi 12 d\u00e9cembre 2024, le lyc\u00e9e Jean Racine de Montdidier a particip\u00e9 \u00e0 la premi\u00e8re \u00e9dition du Forum des M\u00e9tiers, un \u00e9v\u00e9nement organis\u00e9 par le coll\u00e8ge Parmentier5.<br \/>Cette initiative a permis aux \u00e9l\u00e8ves de 3\u00e8me du coll\u00e8ge Parmentier de d\u00e9couvrir les diff\u00e9rentes formations propos\u00e9es par le lyc\u00e9e Jean Racine.<br \/>Les lyc\u00e9ens de Jean Racine ont eu &hellip; <\/p>\n<p><a class=\"more-link btn\" href=\"https:\/\/lyceejeanracine.fr\/wdps\/index.php\/2025\/01\/08\/forum-des-metiers-au-college-parmentier-de-montdidier\/\">Lire la suite<\/a><\/p>\n","protected":false},"author":1,"featured_media":8267,"comment_status":"open","ping_status":"open","sticky":false,"template":"","format":"standard","meta":{"ngg_post_thumbnail":0,"footnotes":""},"categories":[57,59,56,6,7],"tags":[],"post_mailing_queue_ids":[],"_links":{"self":[{"href":"https:\/\/lyceejeanracine.fr\/wdps\/index.php\/wp-json\/wp\/v2\/posts\/8228"}],"collection":[{"href":"https:\/\/lyceejeanracine.fr\/wdps\/index.php\/wp-json\/wp\/v2\/posts"}],"about":[{"href":"https:\/\/lyceejeanracine.fr\/wdps\/index.php\/wp-json\/wp\/v2\/types\/post"}],"author":[{"embeddable":true,"href":"https:\/\/lyceejeanracine.fr\/wdps\/index.php\/wp-json\/wp\/v2\/users\/1"}],"replies":[{"embeddable":true,"href":"https:\/\/lyceejeanracine.fr\/wdps\/index.php\/wp-json\/wp\/v2\/comments?post=8228"}],"version-history":[{"count":2,"href":"https:\/\/lyceejeanracine.fr\/wdps\/index.php\/wp-json\/wp\/v2\/posts\/8228\/revisions"}],"predecessor-version":[{"id":8272,"href":"https:\/\/lyceejeanracine.fr\/wdps\/index.php\/wp-json\/wp\/v2\/posts\/8228\/revisions\/8272"}],"wp:featuredmedia":[{"embeddable":true,"href":"https:\/\/lyceejeanracine.fr\/wdps\/index.php\/wp-json\/wp\/v2\/media\/8267"}],"wp:attachment":[{"href":"https:\/\/lyceejeanracine.fr\/wdps\/index.php\/wp-json\/wp\/v2\/media?parent=8228"}],"wp:term":[{"taxonomy":"category","embeddable":true,"href":"https:\/\/lyceejeanracine.fr\/wdps\/index.php\/wp-json\/wp\/v2\/categories?post=8228"},{"taxonomy":"post_tag","embeddable":true,"href":"https:\/\/lyceejeanracine.fr\/wdps\/index.php\/wp-json\/wp\/v2\/tags?post=8228"}],"curies":[{"name":"wp","href":"https:\/\/api.w.org\/{rel}","templated":true}]}}