{"id":8535,"date":"2025-03-05T19:47:59","date_gmt":"2025-03-05T18:47:59","guid":{"rendered":"https:\/\/lyceejeanracine.fr\/wdps\/?p=8535"},"modified":"2025-03-05T19:52:56","modified_gmt":"2025-03-05T18:52:56","slug":"challenge-sportif-des-jeunes","status":"publish","type":"post","link":"https:\/\/lyceejeanracine.fr\/wdps\/index.php\/2025\/03\/05\/challenge-sportif-des-jeunes\/","title":{"rendered":"CHALLENGE SPORTIF DES JEUNES"},"content":{"rendered":"\n<p>Une superbe affiche, pour le challenge que l&rsquo;\u00e9quipe d&rsquo;enseignants d&rsquo;EPS organise avec l UNSS r\u00e9gional. 500 \u00e9l\u00e8ves pr\u00e9vus, inscriptions ouvertes aupr\u00e8s des enseignants d&rsquo;EPS pour repr\u00e9senter le lyc\u00e9e.<br>4 \u00e9quipes de 5 max. Mixit\u00e9 et sport partag\u00e9 propos\u00e9s.<\/p>\n\n\n\n<figure class=\"wp-block-image size-large\"><img loading=\"lazy\" decoding=\"async\" width=\"724\" height=\"1024\" src=\"https:\/\/lyceejeanracine.fr\/wdps\/wp-content\/uploads\/2025\/03\/Affiche-challenge-2025_page-0001-724x1024.jpg\" alt=\"\" class=\"wp-image-8536\" srcset=\"https:\/\/lyceejeanracine.fr\/wdps\/wp-content\/uploads\/2025\/03\/Affiche-challenge-2025_page-0001-724x1024.jpg 724w, https:\/\/lyceejeanracine.fr\/wdps\/wp-content\/uploads\/2025\/03\/Affiche-challenge-2025_page-0001-212x300.jpg 212w, https:\/\/lyceejeanracine.fr\/wdps\/wp-content\/uploads\/2025\/03\/Affiche-challenge-2025_page-0001-768x1086.jpg 768w, https:\/\/lyceejeanracine.fr\/wdps\/wp-content\/uploads\/2025\/03\/Affiche-challenge-2025_page-0001-1086x1536.jpg 1086w, https:\/\/lyceejeanracine.fr\/wdps\/wp-content\/uploads\/2025\/03\/Affiche-challenge-2025_page-0001-1448x2048.jpg 1448w, https:\/\/lyceejeanracine.fr\/wdps\/wp-content\/uploads\/2025\/03\/Affiche-challenge-2025_page-0001-750x1061.jpg 750w, https:\/\/lyceejeanracine.fr\/wdps\/wp-content\/uploads\/2025\/03\/Affiche-challenge-2025_page-0001-scaled.jpg 1810w\" sizes=\"(max-width: 724px) 100vw, 724px\" \/><\/figure>\n","protected":false},"excerpt":{"rendered":"<p>Une superbe affiche, pour le challenge que l&rsquo;\u00e9quipe d&rsquo;enseignants d&rsquo;EPS organise avec l UNSS r\u00e9gional. 500 \u00e9l\u00e8ves pr\u00e9vus, inscriptions ouvertes aupr\u00e8s des enseignants d&rsquo;EPS pour repr\u00e9senter le lyc\u00e9e.<br \/>4 \u00e9quipes de 5 max. Mixit\u00e9 et sport partag\u00e9 propos\u00e9s.<\/p>\n","protected":false},"author":1,"featured_media":8536,"comment_status":"open","ping_status":"open","sticky":false,"template":"","format":"standard","meta":{"ngg_post_thumbnail":0,"footnotes":""},"categories":[26,7,4],"tags":[],"post_mailing_queue_ids":[],"_links":{"self":[{"href":"https:\/\/lyceejeanracine.fr\/wdps\/index.php\/wp-json\/wp\/v2\/posts\/8535"}],"collection":[{"href":"https:\/\/lyceejeanracine.fr\/wdps\/index.php\/wp-json\/wp\/v2\/posts"}],"about":[{"href":"https:\/\/lyceejeanracine.fr\/wdps\/index.php\/wp-json\/wp\/v2\/types\/post"}],"author":[{"embeddable":true,"href":"https:\/\/lyceejeanracine.fr\/wdps\/index.php\/wp-json\/wp\/v2\/users\/1"}],"replies":[{"embeddable":true,"href":"https:\/\/lyceejeanracine.fr\/wdps\/index.php\/wp-json\/wp\/v2\/comments?post=8535"}],"version-history":[{"count":2,"href":"https:\/\/lyceejeanracine.fr\/wdps\/index.php\/wp-json\/wp\/v2\/posts\/8535\/revisions"}],"predecessor-version":[{"id":8538,"href":"https:\/\/lyceejeanracine.fr\/wdps\/index.php\/wp-json\/wp\/v2\/posts\/8535\/revisions\/8538"}],"wp:featuredmedia":[{"embeddable":true,"href":"https:\/\/lyceejeanracine.fr\/wdps\/index.php\/wp-json\/wp\/v2\/media\/8536"}],"wp:attachment":[{"href":"https:\/\/lyceejeanracine.fr\/wdps\/index.php\/wp-json\/wp\/v2\/media?parent=8535"}],"wp:term":[{"taxonomy":"category","embeddable":true,"href":"https:\/\/lyceejeanracine.fr\/wdps\/index.php\/wp-json\/wp\/v2\/categories?post=8535"},{"taxonomy":"post_tag","embeddable":true,"href":"https:\/\/lyceejeanracine.fr\/wdps\/index.php\/wp-json\/wp\/v2\/tags?post=8535"}],"curies":[{"name":"wp","href":"https:\/\/api.w.org\/{rel}","templated":true}]}}