{"id":864,"date":"2018-01-16T20:41:35","date_gmt":"2018-01-16T19:41:35","guid":{"rendered":"http:\/\/lyceejeanracine.fr\/wdps\/?p=864"},"modified":"2018-01-16T23:41:51","modified_gmt":"2018-01-16T22:41:51","slug":"des-chocolats-pour-le-noel-des-eleves-internes","status":"publish","type":"post","link":"https:\/\/lyceejeanracine.fr\/wdps\/index.php\/2018\/01\/16\/des-chocolats-pour-le-noel-des-eleves-internes\/","title":{"rendered":"Des chocolats pour le No\u00ebl des \u00e9l\u00e8ves internes"},"content":{"rendered":"<p><a href=\"https:\/\/lyceejeanracine.fr\/wdps\/wp-content\/uploads\/2018\/01\/chocolat.jpg\"><img loading=\"lazy\" decoding=\"async\" class=\"alignleft size-thumbnail wp-image-865\" src=\"https:\/\/lyceejeanracine.fr\/wdps\/wp-content\/uploads\/2018\/01\/chocolat-100x100.jpg\" alt=\"\" width=\"100\" height=\"100\" \/><\/a>Pour No\u00ebl, les \u00e9l\u00e8ves internes ont re\u00e7u des chocolats r\u00e9alis\u00e9s par le service de restauration.<\/p>\n","protected":false},"excerpt":{"rendered":"<p><a href=\"https:\/\/lyceejeanracine.fr\/wdps\/wp-content\/uploads\/2018\/01\/chocolat.jpg\"><\/a>Pour No\u00ebl, les \u00e9l\u00e8ves internes ont re\u00e7u des chocolats r\u00e9alis\u00e9s par le service de restauration.<\/p>\n","protected":false},"author":1,"featured_media":865,"comment_status":"open","ping_status":"open","sticky":false,"template":"","format":"standard","meta":{"ngg_post_thumbnail":0,"footnotes":""},"categories":[18,4],"tags":[],"post_mailing_queue_ids":[],"_links":{"self":[{"href":"https:\/\/lyceejeanracine.fr\/wdps\/index.php\/wp-json\/wp\/v2\/posts\/864"}],"collection":[{"href":"https:\/\/lyceejeanracine.fr\/wdps\/index.php\/wp-json\/wp\/v2\/posts"}],"about":[{"href":"https:\/\/lyceejeanracine.fr\/wdps\/index.php\/wp-json\/wp\/v2\/types\/post"}],"author":[{"embeddable":true,"href":"https:\/\/lyceejeanracine.fr\/wdps\/index.php\/wp-json\/wp\/v2\/users\/1"}],"replies":[{"embeddable":true,"href":"https:\/\/lyceejeanracine.fr\/wdps\/index.php\/wp-json\/wp\/v2\/comments?post=864"}],"version-history":[{"count":1,"href":"https:\/\/lyceejeanracine.fr\/wdps\/index.php\/wp-json\/wp\/v2\/posts\/864\/revisions"}],"predecessor-version":[{"id":866,"href":"https:\/\/lyceejeanracine.fr\/wdps\/index.php\/wp-json\/wp\/v2\/posts\/864\/revisions\/866"}],"wp:featuredmedia":[{"embeddable":true,"href":"https:\/\/lyceejeanracine.fr\/wdps\/index.php\/wp-json\/wp\/v2\/media\/865"}],"wp:attachment":[{"href":"https:\/\/lyceejeanracine.fr\/wdps\/index.php\/wp-json\/wp\/v2\/media?parent=864"}],"wp:term":[{"taxonomy":"category","embeddable":true,"href":"https:\/\/lyceejeanracine.fr\/wdps\/index.php\/wp-json\/wp\/v2\/categories?post=864"},{"taxonomy":"post_tag","embeddable":true,"href":"https:\/\/lyceejeanracine.fr\/wdps\/index.php\/wp-json\/wp\/v2\/tags?post=864"}],"curies":[{"name":"wp","href":"https:\/\/api.w.org\/{rel}","templated":true}]}}