{"id":8640,"date":"2025-03-26T15:43:30","date_gmt":"2025-03-26T14:43:30","guid":{"rendered":"https:\/\/lyceejeanracine.fr\/wdps\/?p=8640"},"modified":"2025-03-26T15:43:31","modified_gmt":"2025-03-26T14:43:31","slug":"service-agaa","status":"publish","type":"post","link":"https:\/\/lyceejeanracine.fr\/wdps\/index.php\/2025\/03\/26\/service-agaa\/","title":{"rendered":"SERVICE AGAA"},"content":{"rendered":"\n<p>Cette semaine a eu lieu le tout premier service de repas destin\u00e9 aux professeurs et aux membres du personnel de l\u2019\u00e9tablissement par les 1AAGA.<br>Il s&rsquo;est d\u00e9roul\u00e9 dans une ambiance conviviale, bienveillante et tr\u00e8s positive.<\/p>\n\n\n\n<p>Les \u00e9l\u00e8ves et les invit\u00e9s ont \u00e9chang\u00e9 des remerciements mutuels, t\u00e9moignant de la r\u00e9ussite de ce moment de partage.<\/p>\n\n\n\n<p>Nous esp\u00e9rons voir encore du monde pour venir d\u00e9guster ces repas et soutenir cette belle initiative.<\/p>\n\n\n\n<figure class=\"wp-block-gallery has-nested-images columns-default is-cropped wp-block-gallery-1 is-layout-flex wp-block-gallery-is-layout-flex\">\n<figure class=\"wp-block-image size-large\"><img loading=\"lazy\" decoding=\"async\" width=\"1024\" height=\"768\" data-id=\"8639\" src=\"https:\/\/lyceejeanracine.fr\/wdps\/wp-content\/uploads\/2025\/03\/pro-VeoXaWCA-1024x768.jpeg\" alt=\"\" class=\"wp-image-8639\" srcset=\"https:\/\/lyceejeanracine.fr\/wdps\/wp-content\/uploads\/2025\/03\/pro-VeoXaWCA-1024x768.jpeg 1024w, https:\/\/lyceejeanracine.fr\/wdps\/wp-content\/uploads\/2025\/03\/pro-VeoXaWCA-300x225.jpeg 300w, https:\/\/lyceejeanracine.fr\/wdps\/wp-content\/uploads\/2025\/03\/pro-VeoXaWCA-768x576.jpeg 768w, https:\/\/lyceejeanracine.fr\/wdps\/wp-content\/uploads\/2025\/03\/pro-VeoXaWCA-1536x1152.jpeg 1536w, https:\/\/lyceejeanracine.fr\/wdps\/wp-content\/uploads\/2025\/03\/pro-VeoXaWCA-2048x1536.jpeg 2048w, https:\/\/lyceejeanracine.fr\/wdps\/wp-content\/uploads\/2025\/03\/pro-VeoXaWCA-750x563.jpeg 750w\" sizes=\"(max-width: 1024px) 100vw, 1024px\" \/><\/figure>\n\n\n\n<figure class=\"wp-block-image size-large\"><img loading=\"lazy\" decoding=\"async\" width=\"768\" height=\"1024\" data-id=\"8638\" src=\"https:\/\/lyceejeanracine.fr\/wdps\/wp-content\/uploads\/2025\/03\/pro-qm4F7Gwa-768x1024.jpeg\" alt=\"\" class=\"wp-image-8638\" srcset=\"https:\/\/lyceejeanracine.fr\/wdps\/wp-content\/uploads\/2025\/03\/pro-qm4F7Gwa-768x1024.jpeg 768w, https:\/\/lyceejeanracine.fr\/wdps\/wp-content\/uploads\/2025\/03\/pro-qm4F7Gwa-225x300.jpeg 225w, https:\/\/lyceejeanracine.fr\/wdps\/wp-content\/uploads\/2025\/03\/pro-qm4F7Gwa-1152x1536.jpeg 1152w, https:\/\/lyceejeanracine.fr\/wdps\/wp-content\/uploads\/2025\/03\/pro-qm4F7Gwa-1536x2048.jpeg 1536w, https:\/\/lyceejeanracine.fr\/wdps\/wp-content\/uploads\/2025\/03\/pro-qm4F7Gwa-750x1000.jpeg 750w, https:\/\/lyceejeanracine.fr\/wdps\/wp-content\/uploads\/2025\/03\/pro-qm4F7Gwa-scaled.jpeg 1920w\" sizes=\"(max-width: 768px) 100vw, 768px\" \/><\/figure>\n\n\n\n<figure class=\"wp-block-image size-large\"><img loading=\"lazy\" decoding=\"async\" width=\"768\" height=\"1024\" data-id=\"8637\" src=\"https:\/\/lyceejeanracine.fr\/wdps\/wp-content\/uploads\/2025\/03\/pro-nAz8THch-768x1024.jpeg\" alt=\"\" class=\"wp-image-8637\" srcset=\"https:\/\/lyceejeanracine.fr\/wdps\/wp-content\/uploads\/2025\/03\/pro-nAz8THch-768x1024.jpeg 768w, https:\/\/lyceejeanracine.fr\/wdps\/wp-content\/uploads\/2025\/03\/pro-nAz8THch-225x300.jpeg 225w, https:\/\/lyceejeanracine.fr\/wdps\/wp-content\/uploads\/2025\/03\/pro-nAz8THch-1152x1536.jpeg 1152w, https:\/\/lyceejeanracine.fr\/wdps\/wp-content\/uploads\/2025\/03\/pro-nAz8THch-1536x2048.jpeg 1536w, https:\/\/lyceejeanracine.fr\/wdps\/wp-content\/uploads\/2025\/03\/pro-nAz8THch-750x1000.jpeg 750w, https:\/\/lyceejeanracine.fr\/wdps\/wp-content\/uploads\/2025\/03\/pro-nAz8THch-scaled.jpeg 1920w\" sizes=\"(max-width: 768px) 100vw, 768px\" \/><\/figure>\n\n\n\n<figure class=\"wp-block-image size-large\"><img loading=\"lazy\" decoding=\"async\" width=\"1024\" height=\"768\" data-id=\"8636\" src=\"https:\/\/lyceejeanracine.fr\/wdps\/wp-content\/uploads\/2025\/03\/pro-MXcdSuUQ-1024x768.jpeg\" alt=\"\" class=\"wp-image-8636\" srcset=\"https:\/\/lyceejeanracine.fr\/wdps\/wp-content\/uploads\/2025\/03\/pro-MXcdSuUQ-1024x768.jpeg 1024w, https:\/\/lyceejeanracine.fr\/wdps\/wp-content\/uploads\/2025\/03\/pro-MXcdSuUQ-300x225.jpeg 300w, https:\/\/lyceejeanracine.fr\/wdps\/wp-content\/uploads\/2025\/03\/pro-MXcdSuUQ-768x576.jpeg 768w, https:\/\/lyceejeanracine.fr\/wdps\/wp-content\/uploads\/2025\/03\/pro-MXcdSuUQ-1536x1152.jpeg 1536w, https:\/\/lyceejeanracine.fr\/wdps\/wp-content\/uploads\/2025\/03\/pro-MXcdSuUQ-2048x1536.jpeg 2048w, https:\/\/lyceejeanracine.fr\/wdps\/wp-content\/uploads\/2025\/03\/pro-MXcdSuUQ-750x563.jpeg 750w\" sizes=\"(max-width: 1024px) 100vw, 1024px\" \/><\/figure>\n\n\n\n<figure class=\"wp-block-image size-large\"><img loading=\"lazy\" decoding=\"async\" width=\"768\" height=\"1024\" data-id=\"8635\" src=\"https:\/\/lyceejeanracine.fr\/wdps\/wp-content\/uploads\/2025\/03\/pro-ci6EMUrt-768x1024.jpeg\" alt=\"\" class=\"wp-image-8635\" srcset=\"https:\/\/lyceejeanracine.fr\/wdps\/wp-content\/uploads\/2025\/03\/pro-ci6EMUrt-768x1024.jpeg 768w, https:\/\/lyceejeanracine.fr\/wdps\/wp-content\/uploads\/2025\/03\/pro-ci6EMUrt-225x300.jpeg 225w, https:\/\/lyceejeanracine.fr\/wdps\/wp-content\/uploads\/2025\/03\/pro-ci6EMUrt-1152x1536.jpeg 1152w, https:\/\/lyceejeanracine.fr\/wdps\/wp-content\/uploads\/2025\/03\/pro-ci6EMUrt-1536x2048.jpeg 1536w, https:\/\/lyceejeanracine.fr\/wdps\/wp-content\/uploads\/2025\/03\/pro-ci6EMUrt-750x1000.jpeg 750w, https:\/\/lyceejeanracine.fr\/wdps\/wp-content\/uploads\/2025\/03\/pro-ci6EMUrt-scaled.jpeg 1920w\" sizes=\"(max-width: 768px) 100vw, 768px\" \/><\/figure>\n\n\n\n<figure class=\"wp-block-image size-large\"><img loading=\"lazy\" decoding=\"async\" width=\"768\" height=\"1024\" data-id=\"8634\" src=\"https:\/\/lyceejeanracine.fr\/wdps\/wp-content\/uploads\/2025\/03\/pro-99VeK5YM-768x1024.jpeg\" alt=\"\" class=\"wp-image-8634\" srcset=\"https:\/\/lyceejeanracine.fr\/wdps\/wp-content\/uploads\/2025\/03\/pro-99VeK5YM-768x1024.jpeg 768w, https:\/\/lyceejeanracine.fr\/wdps\/wp-content\/uploads\/2025\/03\/pro-99VeK5YM-225x300.jpeg 225w, https:\/\/lyceejeanracine.fr\/wdps\/wp-content\/uploads\/2025\/03\/pro-99VeK5YM-1152x1536.jpeg 1152w, https:\/\/lyceejeanracine.fr\/wdps\/wp-content\/uploads\/2025\/03\/pro-99VeK5YM-1536x2048.jpeg 1536w, https:\/\/lyceejeanracine.fr\/wdps\/wp-content\/uploads\/2025\/03\/pro-99VeK5YM-750x1000.jpeg 750w, https:\/\/lyceejeanracine.fr\/wdps\/wp-content\/uploads\/2025\/03\/pro-99VeK5YM-scaled.jpeg 1920w\" sizes=\"(max-width: 768px) 100vw, 768px\" \/><\/figure>\n\n\n\n<figure class=\"wp-block-image size-large\"><img loading=\"lazy\" decoding=\"async\" width=\"1024\" height=\"768\" data-id=\"8633\" src=\"https:\/\/lyceejeanracine.fr\/wdps\/wp-content\/uploads\/2025\/03\/pro-87j9t4vc-1024x768.jpeg\" alt=\"\" class=\"wp-image-8633\" srcset=\"https:\/\/lyceejeanracine.fr\/wdps\/wp-content\/uploads\/2025\/03\/pro-87j9t4vc-1024x768.jpeg 1024w, https:\/\/lyceejeanracine.fr\/wdps\/wp-content\/uploads\/2025\/03\/pro-87j9t4vc-300x225.jpeg 300w, https:\/\/lyceejeanracine.fr\/wdps\/wp-content\/uploads\/2025\/03\/pro-87j9t4vc-768x576.jpeg 768w, https:\/\/lyceejeanracine.fr\/wdps\/wp-content\/uploads\/2025\/03\/pro-87j9t4vc-1536x1152.jpeg 1536w, https:\/\/lyceejeanracine.fr\/wdps\/wp-content\/uploads\/2025\/03\/pro-87j9t4vc-2048x1536.jpeg 2048w, https:\/\/lyceejeanracine.fr\/wdps\/wp-content\/uploads\/2025\/03\/pro-87j9t4vc-750x563.jpeg 750w\" sizes=\"(max-width: 1024px) 100vw, 1024px\" \/><\/figure>\n\n\n\n<figure class=\"wp-block-image size-large\"><img loading=\"lazy\" decoding=\"async\" width=\"1024\" height=\"768\" data-id=\"8632\" src=\"https:\/\/lyceejeanracine.fr\/wdps\/wp-content\/uploads\/2025\/03\/pro-43maR185-1024x768.jpeg\" alt=\"\" class=\"wp-image-8632\" srcset=\"https:\/\/lyceejeanracine.fr\/wdps\/wp-content\/uploads\/2025\/03\/pro-43maR185-1024x768.jpeg 1024w, https:\/\/lyceejeanracine.fr\/wdps\/wp-content\/uploads\/2025\/03\/pro-43maR185-300x225.jpeg 300w, https:\/\/lyceejeanracine.fr\/wdps\/wp-content\/uploads\/2025\/03\/pro-43maR185-768x576.jpeg 768w, https:\/\/lyceejeanracine.fr\/wdps\/wp-content\/uploads\/2025\/03\/pro-43maR185-1536x1152.jpeg 1536w, https:\/\/lyceejeanracine.fr\/wdps\/wp-content\/uploads\/2025\/03\/pro-43maR185-2048x1536.jpeg 2048w, https:\/\/lyceejeanracine.fr\/wdps\/wp-content\/uploads\/2025\/03\/pro-43maR185-750x563.jpeg 750w\" sizes=\"(max-width: 1024px) 100vw, 1024px\" \/><\/figure>\n<\/figure>\n","protected":false},"excerpt":{"rendered":"<p>Cette semaine a eu lieu le tout premier service de repas destin\u00e9 aux professeurs et aux membres du personnel de l\u2019\u00e9tablissement par les 1AAGA.<br \/>Il s&rsquo;est d\u00e9roul\u00e9 dans une ambiance conviviale, bienveillante et tr\u00e8s positive.<\/p>\n<p>Les \u00e9l\u00e8ves et les invit\u00e9s ont \u00e9chang\u00e9 des remerciements mutuels, t\u00e9moignant de la r\u00e9ussite de ce moment de partage.<\/p>\n<p>Nous esp\u00e9rons &hellip; <\/p>\n<p><a class=\"more-link btn\" href=\"https:\/\/lyceejeanracine.fr\/wdps\/index.php\/2025\/03\/26\/service-agaa\/\">Lire la suite<\/a><\/p>\n","protected":false},"author":1,"featured_media":8631,"comment_status":"open","ping_status":"open","sticky":false,"template":"","format":"standard","meta":{"ngg_post_thumbnail":0,"footnotes":""},"categories":[68,57,59,7],"tags":[],"post_mailing_queue_ids":[],"_links":{"self":[{"href":"https:\/\/lyceejeanracine.fr\/wdps\/index.php\/wp-json\/wp\/v2\/posts\/8640"}],"collection":[{"href":"https:\/\/lyceejeanracine.fr\/wdps\/index.php\/wp-json\/wp\/v2\/posts"}],"about":[{"href":"https:\/\/lyceejeanracine.fr\/wdps\/index.php\/wp-json\/wp\/v2\/types\/post"}],"author":[{"embeddable":true,"href":"https:\/\/lyceejeanracine.fr\/wdps\/index.php\/wp-json\/wp\/v2\/users\/1"}],"replies":[{"embeddable":true,"href":"https:\/\/lyceejeanracine.fr\/wdps\/index.php\/wp-json\/wp\/v2\/comments?post=8640"}],"version-history":[{"count":1,"href":"https:\/\/lyceejeanracine.fr\/wdps\/index.php\/wp-json\/wp\/v2\/posts\/8640\/revisions"}],"predecessor-version":[{"id":8641,"href":"https:\/\/lyceejeanracine.fr\/wdps\/index.php\/wp-json\/wp\/v2\/posts\/8640\/revisions\/8641"}],"wp:featuredmedia":[{"embeddable":true,"href":"https:\/\/lyceejeanracine.fr\/wdps\/index.php\/wp-json\/wp\/v2\/media\/8631"}],"wp:attachment":[{"href":"https:\/\/lyceejeanracine.fr\/wdps\/index.php\/wp-json\/wp\/v2\/media?parent=8640"}],"wp:term":[{"taxonomy":"category","embeddable":true,"href":"https:\/\/lyceejeanracine.fr\/wdps\/index.php\/wp-json\/wp\/v2\/categories?post=8640"},{"taxonomy":"post_tag","embeddable":true,"href":"https:\/\/lyceejeanracine.fr\/wdps\/index.php\/wp-json\/wp\/v2\/tags?post=8640"}],"curies":[{"name":"wp","href":"https:\/\/api.w.org\/{rel}","templated":true}]}}