{"id":8688,"date":"2025-04-27T19:10:00","date_gmt":"2025-04-27T17:10:00","guid":{"rendered":"https:\/\/lyceejeanracine.fr\/wdps\/?p=8688"},"modified":"2025-04-27T19:10:01","modified_gmt":"2025-04-27T17:10:01","slug":"la-video-du-sejour-a-chamrousse","status":"publish","type":"post","link":"https:\/\/lyceejeanracine.fr\/wdps\/index.php\/2025\/04\/27\/la-video-du-sejour-a-chamrousse\/","title":{"rendered":"LA VIDEO DU SEJOUR A CHAMROUSSE"},"content":{"rendered":"\n<p>Retrouvez la vid\u00e9o du s\u00e9jour sportif \u00e0 Chamrousse (Mars 2025)<\/p>\n\n\n\n<iframe loading=\"lazy\" src=\"https:\/\/podeduc.apps.education.fr\/video\/90195-lycee-jean-racine-sejour-ski-chamrousse-2025\/?is_iframe=true\" width=\"640\" height=\"360\" style=\"padding: 0; margin: 0; border:0\" allowfullscreen title=\"Lyc\u00e9e Jean Racine : SEJOUR SKI CHAMROUSSE (2025)\" ><\/iframe>\n\n\n\n<p><\/p>\n","protected":false},"excerpt":{"rendered":"<p>Retrouvez la vid\u00e9o du s\u00e9jour sportif \u00e0 Chamrousse (Mars 2025)<\/p><\/p>\n","protected":false},"author":1,"featured_media":8622,"comment_status":"open","ping_status":"open","sticky":false,"template":"","format":"standard","meta":{"ngg_post_thumbnail":0,"footnotes":""},"categories":[26,7,27],"tags":[],"post_mailing_queue_ids":[],"_links":{"self":[{"href":"https:\/\/lyceejeanracine.fr\/wdps\/index.php\/wp-json\/wp\/v2\/posts\/8688"}],"collection":[{"href":"https:\/\/lyceejeanracine.fr\/wdps\/index.php\/wp-json\/wp\/v2\/posts"}],"about":[{"href":"https:\/\/lyceejeanracine.fr\/wdps\/index.php\/wp-json\/wp\/v2\/types\/post"}],"author":[{"embeddable":true,"href":"https:\/\/lyceejeanracine.fr\/wdps\/index.php\/wp-json\/wp\/v2\/users\/1"}],"replies":[{"embeddable":true,"href":"https:\/\/lyceejeanracine.fr\/wdps\/index.php\/wp-json\/wp\/v2\/comments?post=8688"}],"version-history":[{"count":1,"href":"https:\/\/lyceejeanracine.fr\/wdps\/index.php\/wp-json\/wp\/v2\/posts\/8688\/revisions"}],"predecessor-version":[{"id":8689,"href":"https:\/\/lyceejeanracine.fr\/wdps\/index.php\/wp-json\/wp\/v2\/posts\/8688\/revisions\/8689"}],"wp:featuredmedia":[{"embeddable":true,"href":"https:\/\/lyceejeanracine.fr\/wdps\/index.php\/wp-json\/wp\/v2\/media\/8622"}],"wp:attachment":[{"href":"https:\/\/lyceejeanracine.fr\/wdps\/index.php\/wp-json\/wp\/v2\/media?parent=8688"}],"wp:term":[{"taxonomy":"category","embeddable":true,"href":"https:\/\/lyceejeanracine.fr\/wdps\/index.php\/wp-json\/wp\/v2\/categories?post=8688"},{"taxonomy":"post_tag","embeddable":true,"href":"https:\/\/lyceejeanracine.fr\/wdps\/index.php\/wp-json\/wp\/v2\/tags?post=8688"}],"curies":[{"name":"wp","href":"https:\/\/api.w.org\/{rel}","templated":true}]}}