{"id":871,"date":"2018-01-18T21:32:31","date_gmt":"2018-01-18T20:32:31","guid":{"rendered":"http:\/\/lyceejeanracine.fr\/wdps\/?p=871"},"modified":"2018-02-23T15:28:03","modified_gmt":"2018-02-23T14:28:03","slug":"parcoursup-4-dates-pour-vous-aider","status":"publish","type":"post","link":"https:\/\/lyceejeanracine.fr\/wdps\/index.php\/2018\/01\/18\/parcoursup-4-dates-pour-vous-aider\/","title":{"rendered":"ParcourSup : 4 dates pour vous aider !"},"content":{"rendered":"<p><a href=\"https:\/\/lyceejeanracine.fr\/wdps\/wp-content\/uploads\/2018\/01\/parcoursup.jpg\"><img loading=\"lazy\" decoding=\"async\" class=\"alignleft size-thumbnail wp-image-872\" src=\"https:\/\/lyceejeanracine.fr\/wdps\/wp-content\/uploads\/2018\/01\/parcoursup-100x100.jpg\" alt=\"\" width=\"100\" height=\"100\" \/><\/a>Les permanences collectives sont organis\u00e9es pour que tous les acteurs de la nouvelle plateforme <strong><span style=\"color: #ff0000;\">PARCOURSUP<\/span> <\/strong>(\u00e9l\u00e8ves de terminales et professeurs principaux) puissent poser leurs questions durant les temps forts de la proc\u00e9dure.<!--more--><\/p>\n<p>Ces questions sont de toutes les natures imaginables (\u00e9l\u00e8ve bloqu\u00e9 dans l&rsquo;inscription, PP qui souhaite avoir des informations sur le suivi des \u00e9l\u00e8ves \u2026). Les \u00e9l\u00e8ves peuvent venir par groupe ou individuellement. Il n&rsquo;est pas n\u00e9cessaire de prendre rendez-vous \u00e0 la vie scolaire pour ces cr\u00e9neaux.<\/p>\n<p><a href=\"https:\/\/lyceejeanracine.fr\/wdps\/wp-content\/uploads\/2018\/01\/Permanence-collective-PARCOURSUP.pdf\" target=\"_blank\" rel=\"noopener\">Le tableau des Permanences collectives PARCOURSUP<\/a><\/p>\n","protected":false},"excerpt":{"rendered":"<p><a href=\"https:\/\/lyceejeanracine.fr\/wdps\/wp-content\/uploads\/2018\/01\/parcoursup.jpg\"><\/a>Les permanences collectives sont organis\u00e9es pour que tous les acteurs de la nouvelle plateforme <strong><span style=\"color: #ff0000;\">PARCOURSUP<\/span> <\/strong>(\u00e9l\u00e8ves de terminales et professeurs principaux) puissent poser leurs questions durant les temps forts de la proc\u00e9dure.<\/p><p><a class=\"more-link btn\" href=\"https:\/\/lyceejeanracine.fr\/wdps\/index.php\/2018\/01\/18\/parcoursup-4-dates-pour-vous-aider\/\">Lire la suite<\/a><\/p>\n","protected":false},"author":1,"featured_media":873,"comment_status":"open","ping_status":"open","sticky":false,"template":"","format":"standard","meta":{"ngg_post_thumbnail":0,"footnotes":""},"categories":[6,7,4],"tags":[],"post_mailing_queue_ids":[],"_links":{"self":[{"href":"https:\/\/lyceejeanracine.fr\/wdps\/index.php\/wp-json\/wp\/v2\/posts\/871"}],"collection":[{"href":"https:\/\/lyceejeanracine.fr\/wdps\/index.php\/wp-json\/wp\/v2\/posts"}],"about":[{"href":"https:\/\/lyceejeanracine.fr\/wdps\/index.php\/wp-json\/wp\/v2\/types\/post"}],"author":[{"embeddable":true,"href":"https:\/\/lyceejeanracine.fr\/wdps\/index.php\/wp-json\/wp\/v2\/users\/1"}],"replies":[{"embeddable":true,"href":"https:\/\/lyceejeanracine.fr\/wdps\/index.php\/wp-json\/wp\/v2\/comments?post=871"}],"version-history":[{"count":2,"href":"https:\/\/lyceejeanracine.fr\/wdps\/index.php\/wp-json\/wp\/v2\/posts\/871\/revisions"}],"predecessor-version":[{"id":876,"href":"https:\/\/lyceejeanracine.fr\/wdps\/index.php\/wp-json\/wp\/v2\/posts\/871\/revisions\/876"}],"wp:featuredmedia":[{"embeddable":true,"href":"https:\/\/lyceejeanracine.fr\/wdps\/index.php\/wp-json\/wp\/v2\/media\/873"}],"wp:attachment":[{"href":"https:\/\/lyceejeanracine.fr\/wdps\/index.php\/wp-json\/wp\/v2\/media?parent=871"}],"wp:term":[{"taxonomy":"category","embeddable":true,"href":"https:\/\/lyceejeanracine.fr\/wdps\/index.php\/wp-json\/wp\/v2\/categories?post=871"},{"taxonomy":"post_tag","embeddable":true,"href":"https:\/\/lyceejeanracine.fr\/wdps\/index.php\/wp-json\/wp\/v2\/tags?post=871"}],"curies":[{"name":"wp","href":"https:\/\/api.w.org\/{rel}","templated":true}]}}