{"id":8723,"date":"2025-04-29T17:16:08","date_gmt":"2025-04-29T15:16:08","guid":{"rendered":"https:\/\/lyceejeanracine.fr\/wdps\/?p=8723"},"modified":"2025-04-29T17:16:09","modified_gmt":"2025-04-29T15:16:09","slug":"partage-intergenerationnel-autour-du-petit-prince-une-aventure-litteraire-a-lehpad-lucien-vivien","status":"publish","type":"post","link":"https:\/\/lyceejeanracine.fr\/wdps\/index.php\/2025\/04\/29\/partage-intergenerationnel-autour-du-petit-prince-une-aventure-litteraire-a-lehpad-lucien-vivien\/","title":{"rendered":"Partage Interg\u00e9n\u00e9rationnel autour du Petit Prince : Une Aventure Litt\u00e9raire \u00e0 l&rsquo;EHPAD Lucien Vivien"},"content":{"rendered":"\n<p>Aujourd\u2019hui marque la fin du projet \u00ab Le Petit Prince \u00bb, une initiative men\u00e9e depuis plusieurs mois en co-intervention de fran\u00e7ais avec M. Sauti\u00e8re, professeur de lettres, Mme Loriette, coordinatrice ULIS et Mme  D&rsquo;H\u00e9ret enseignante au lyc\u00e9e professionnel et professeur principal de la classe CAP AAGA premi\u00e8re ann\u00e9e.  <\/p>\n\n\n\n<p>Apr\u00e8s avoir lu et analys\u00e9 le c\u00e9l\u00e8bre conte de Saint-Exup\u00e9ry, les \u00e9l\u00e8ves de CAP AAGA ont eu l&rsquo;opportunit\u00e9 de participer \u00e0 une activit\u00e9 de lecture \u00e0 voix haute \u00e0 l\u2019EHPAD Lucien Vivien de Montdidier, en collaboration avec l&rsquo;animatrice M\u00e9lanie.<\/p>\n\n\n\n<p>R\u00e9partis en groupes mixtes compos\u00e9s d&rsquo;\u00e9l\u00e8ves et de r\u00e9sidents, ils ont interpr\u00e9t\u00e9 le conte chapitre par chapitre, une lecture qui a \u00e9t\u00e9 diffus\u00e9e sur la web radio Racine du lyc\u00e9e.<\/p>\n\n\n\n<p>Pour enrichir cette exp\u00e9rience, divers jeux inspir\u00e9s du Petit Prince ont \u00e9t\u00e9 propos\u00e9s, tels que des cartes, des mots fl\u00e9ch\u00e9s et des jeux des diff\u00e9rences.<\/p>\n\n\n\n<p>Ce moment de partage a \u00e9t\u00e9 grandement appr\u00e9ci\u00e9 par tous les participants : \u00e9l\u00e8ves, r\u00e9sidents et encadrants ont exprim\u00e9 leur ravissement face \u00e0 cette belle aventure et \u00e0 l\u2019enthousiasme qu\u2019elle a g\u00e9n\u00e9r\u00e9.<\/p>\n\n\n\n<iframe loading=\"lazy\" src=\"https:\/\/podeduc.apps.education.fr\/video\/90642-1aaga-partage-intergenerationnel-autour-du-petit-prince-une-aventure-litteraire-a-lehpad-lucien-vivien\/a536634b24778b3ccc7e850cc9aed87657c265221e77b80f566858c0f0892436\/?is_iframe=true\" width=\"640\" height=\"360\" style=\"padding: 0; margin: 0; border:0\" allowfullscreen title=\"1AAGA Partage Interg\u00e9n\u00e9rationnel autour du Petit Prince : Une Aventure Litt\u00e9raire \u00e0 l'EHPAD Lucien Vivien\" ><\/iframe>\n\n\n\n<figure class=\"wp-block-gallery has-nested-images columns-default is-cropped wp-block-gallery-1 is-layout-flex wp-block-gallery-is-layout-flex\">\n<figure class=\"wp-block-image size-large\"><img loading=\"lazy\" decoding=\"async\" width=\"1024\" height=\"768\" data-id=\"8754\" src=\"https:\/\/lyceejeanracine.fr\/wdps\/wp-content\/uploads\/2025\/04\/pro-sv4F2Bc7-1-1024x768.jpeg\" alt=\"\" class=\"wp-image-8754\" srcset=\"https:\/\/lyceejeanracine.fr\/wdps\/wp-content\/uploads\/2025\/04\/pro-sv4F2Bc7-1-1024x768.jpeg 1024w, https:\/\/lyceejeanracine.fr\/wdps\/wp-content\/uploads\/2025\/04\/pro-sv4F2Bc7-1-300x225.jpeg 300w, https:\/\/lyceejeanracine.fr\/wdps\/wp-content\/uploads\/2025\/04\/pro-sv4F2Bc7-1-768x576.jpeg 768w, https:\/\/lyceejeanracine.fr\/wdps\/wp-content\/uploads\/2025\/04\/pro-sv4F2Bc7-1-1536x1152.jpeg 1536w, https:\/\/lyceejeanracine.fr\/wdps\/wp-content\/uploads\/2025\/04\/pro-sv4F2Bc7-1-2048x1537.jpeg 2048w, https:\/\/lyceejeanracine.fr\/wdps\/wp-content\/uploads\/2025\/04\/pro-sv4F2Bc7-1-750x563.jpeg 750w\" sizes=\"(max-width: 1024px) 100vw, 1024px\" \/><\/figure>\n\n\n\n<figure class=\"wp-block-image size-large\"><img loading=\"lazy\" decoding=\"async\" width=\"768\" height=\"1024\" data-id=\"8753\" src=\"https:\/\/lyceejeanracine.fr\/wdps\/wp-content\/uploads\/2025\/04\/pro-l1l4Rpbu-1-768x1024.jpeg\" alt=\"\" class=\"wp-image-8753\" srcset=\"https:\/\/lyceejeanracine.fr\/wdps\/wp-content\/uploads\/2025\/04\/pro-l1l4Rpbu-1-768x1024.jpeg 768w, https:\/\/lyceejeanracine.fr\/wdps\/wp-content\/uploads\/2025\/04\/pro-l1l4Rpbu-1-225x300.jpeg 225w, https:\/\/lyceejeanracine.fr\/wdps\/wp-content\/uploads\/2025\/04\/pro-l1l4Rpbu-1-1152x1536.jpeg 1152w, https:\/\/lyceejeanracine.fr\/wdps\/wp-content\/uploads\/2025\/04\/pro-l1l4Rpbu-1-1536x2048.jpeg 1536w, https:\/\/lyceejeanracine.fr\/wdps\/wp-content\/uploads\/2025\/04\/pro-l1l4Rpbu-1-750x1000.jpeg 750w, https:\/\/lyceejeanracine.fr\/wdps\/wp-content\/uploads\/2025\/04\/pro-l1l4Rpbu-1-scaled.jpeg 1920w\" sizes=\"(max-width: 768px) 100vw, 768px\" \/><\/figure>\n\n\n\n<figure class=\"wp-block-image size-large\"><img loading=\"lazy\" decoding=\"async\" width=\"1024\" height=\"768\" data-id=\"8752\" src=\"https:\/\/lyceejeanracine.fr\/wdps\/wp-content\/uploads\/2025\/04\/pro-g70QLOOM-1-1024x768.jpeg\" alt=\"\" class=\"wp-image-8752\" srcset=\"https:\/\/lyceejeanracine.fr\/wdps\/wp-content\/uploads\/2025\/04\/pro-g70QLOOM-1-1024x768.jpeg 1024w, https:\/\/lyceejeanracine.fr\/wdps\/wp-content\/uploads\/2025\/04\/pro-g70QLOOM-1-300x225.jpeg 300w, https:\/\/lyceejeanracine.fr\/wdps\/wp-content\/uploads\/2025\/04\/pro-g70QLOOM-1-768x576.jpeg 768w, https:\/\/lyceejeanracine.fr\/wdps\/wp-content\/uploads\/2025\/04\/pro-g70QLOOM-1-1536x1152.jpeg 1536w, https:\/\/lyceejeanracine.fr\/wdps\/wp-content\/uploads\/2025\/04\/pro-g70QLOOM-1-2048x1536.jpeg 2048w, https:\/\/lyceejeanracine.fr\/wdps\/wp-content\/uploads\/2025\/04\/pro-g70QLOOM-1-750x563.jpeg 750w\" sizes=\"(max-width: 1024px) 100vw, 1024px\" \/><\/figure>\n\n\n\n<figure class=\"wp-block-image size-large\"><img loading=\"lazy\" decoding=\"async\" width=\"768\" height=\"1024\" data-id=\"8751\" src=\"https:\/\/lyceejeanracine.fr\/wdps\/wp-content\/uploads\/2025\/04\/pro-8iYGQbzs-1-768x1024.jpeg\" alt=\"\" class=\"wp-image-8751\" srcset=\"https:\/\/lyceejeanracine.fr\/wdps\/wp-content\/uploads\/2025\/04\/pro-8iYGQbzs-1-768x1024.jpeg 768w, https:\/\/lyceejeanracine.fr\/wdps\/wp-content\/uploads\/2025\/04\/pro-8iYGQbzs-1-225x300.jpeg 225w, https:\/\/lyceejeanracine.fr\/wdps\/wp-content\/uploads\/2025\/04\/pro-8iYGQbzs-1-1152x1536.jpeg 1152w, https:\/\/lyceejeanracine.fr\/wdps\/wp-content\/uploads\/2025\/04\/pro-8iYGQbzs-1-1536x2048.jpeg 1536w, https:\/\/lyceejeanracine.fr\/wdps\/wp-content\/uploads\/2025\/04\/pro-8iYGQbzs-1-750x1000.jpeg 750w, https:\/\/lyceejeanracine.fr\/wdps\/wp-content\/uploads\/2025\/04\/pro-8iYGQbzs-1-scaled.jpeg 1920w\" sizes=\"(max-width: 768px) 100vw, 768px\" \/><\/figure>\n\n\n\n<figure class=\"wp-block-image size-large\"><img loading=\"lazy\" decoding=\"async\" width=\"768\" height=\"1024\" data-id=\"8750\" src=\"https:\/\/lyceejeanracine.fr\/wdps\/wp-content\/uploads\/2025\/04\/pro-5DRG1Iws-1-768x1024.jpeg\" alt=\"\" class=\"wp-image-8750\" srcset=\"https:\/\/lyceejeanracine.fr\/wdps\/wp-content\/uploads\/2025\/04\/pro-5DRG1Iws-1-768x1024.jpeg 768w, https:\/\/lyceejeanracine.fr\/wdps\/wp-content\/uploads\/2025\/04\/pro-5DRG1Iws-1-225x300.jpeg 225w, https:\/\/lyceejeanracine.fr\/wdps\/wp-content\/uploads\/2025\/04\/pro-5DRG1Iws-1-1152x1536.jpeg 1152w, https:\/\/lyceejeanracine.fr\/wdps\/wp-content\/uploads\/2025\/04\/pro-5DRG1Iws-1-1536x2048.jpeg 1536w, https:\/\/lyceejeanracine.fr\/wdps\/wp-content\/uploads\/2025\/04\/pro-5DRG1Iws-1-750x1000.jpeg 750w, https:\/\/lyceejeanracine.fr\/wdps\/wp-content\/uploads\/2025\/04\/pro-5DRG1Iws-1-scaled.jpeg 1920w\" sizes=\"(max-width: 768px) 100vw, 768px\" \/><\/figure>\n\n\n\n<figure class=\"wp-block-image size-large\"><img loading=\"lazy\" decoding=\"async\" width=\"768\" height=\"1024\" data-id=\"8749\" src=\"https:\/\/lyceejeanracine.fr\/wdps\/wp-content\/uploads\/2025\/04\/pro-vrsIAyAz-1-768x1024.jpeg\" alt=\"\" class=\"wp-image-8749\" srcset=\"https:\/\/lyceejeanracine.fr\/wdps\/wp-content\/uploads\/2025\/04\/pro-vrsIAyAz-1-768x1024.jpeg 768w, https:\/\/lyceejeanracine.fr\/wdps\/wp-content\/uploads\/2025\/04\/pro-vrsIAyAz-1-225x300.jpeg 225w, https:\/\/lyceejeanracine.fr\/wdps\/wp-content\/uploads\/2025\/04\/pro-vrsIAyAz-1-1152x1536.jpeg 1152w, https:\/\/lyceejeanracine.fr\/wdps\/wp-content\/uploads\/2025\/04\/pro-vrsIAyAz-1-1536x2048.jpeg 1536w, https:\/\/lyceejeanracine.fr\/wdps\/wp-content\/uploads\/2025\/04\/pro-vrsIAyAz-1-750x1000.jpeg 750w, https:\/\/lyceejeanracine.fr\/wdps\/wp-content\/uploads\/2025\/04\/pro-vrsIAyAz-1-scaled.jpeg 1920w\" sizes=\"(max-width: 768px) 100vw, 768px\" \/><\/figure>\n\n\n\n<figure class=\"wp-block-image size-large\"><img loading=\"lazy\" decoding=\"async\" width=\"768\" height=\"1024\" data-id=\"8748\" src=\"https:\/\/lyceejeanracine.fr\/wdps\/wp-content\/uploads\/2025\/04\/pro-TbUDngk5-1-768x1024.jpeg\" alt=\"\" class=\"wp-image-8748\" srcset=\"https:\/\/lyceejeanracine.fr\/wdps\/wp-content\/uploads\/2025\/04\/pro-TbUDngk5-1-768x1024.jpeg 768w, https:\/\/lyceejeanracine.fr\/wdps\/wp-content\/uploads\/2025\/04\/pro-TbUDngk5-1-225x300.jpeg 225w, https:\/\/lyceejeanracine.fr\/wdps\/wp-content\/uploads\/2025\/04\/pro-TbUDngk5-1-1152x1536.jpeg 1152w, https:\/\/lyceejeanracine.fr\/wdps\/wp-content\/uploads\/2025\/04\/pro-TbUDngk5-1-1536x2048.jpeg 1536w, https:\/\/lyceejeanracine.fr\/wdps\/wp-content\/uploads\/2025\/04\/pro-TbUDngk5-1-750x1000.jpeg 750w, https:\/\/lyceejeanracine.fr\/wdps\/wp-content\/uploads\/2025\/04\/pro-TbUDngk5-1-scaled.jpeg 1920w\" sizes=\"(max-width: 768px) 100vw, 768px\" \/><\/figure>\n\n\n\n<figure class=\"wp-block-image size-large\"><img loading=\"lazy\" decoding=\"async\" width=\"768\" height=\"1024\" data-id=\"8747\" src=\"https:\/\/lyceejeanracine.fr\/wdps\/wp-content\/uploads\/2025\/04\/pro-PcTskyfI-1-768x1024.jpeg\" alt=\"\" class=\"wp-image-8747\" srcset=\"https:\/\/lyceejeanracine.fr\/wdps\/wp-content\/uploads\/2025\/04\/pro-PcTskyfI-1-768x1024.jpeg 768w, https:\/\/lyceejeanracine.fr\/wdps\/wp-content\/uploads\/2025\/04\/pro-PcTskyfI-1-225x300.jpeg 225w, https:\/\/lyceejeanracine.fr\/wdps\/wp-content\/uploads\/2025\/04\/pro-PcTskyfI-1-1152x1536.jpeg 1152w, https:\/\/lyceejeanracine.fr\/wdps\/wp-content\/uploads\/2025\/04\/pro-PcTskyfI-1-1536x2048.jpeg 1536w, https:\/\/lyceejeanracine.fr\/wdps\/wp-content\/uploads\/2025\/04\/pro-PcTskyfI-1-750x1000.jpeg 750w, https:\/\/lyceejeanracine.fr\/wdps\/wp-content\/uploads\/2025\/04\/pro-PcTskyfI-1-scaled.jpeg 1920w\" sizes=\"(max-width: 768px) 100vw, 768px\" \/><\/figure>\n\n\n\n<figure class=\"wp-block-image size-large\"><img loading=\"lazy\" decoding=\"async\" width=\"1024\" height=\"768\" data-id=\"8746\" src=\"https:\/\/lyceejeanracine.fr\/wdps\/wp-content\/uploads\/2025\/04\/pro-J6HwxnZA-1-1024x768.jpeg\" alt=\"\" class=\"wp-image-8746\" srcset=\"https:\/\/lyceejeanracine.fr\/wdps\/wp-content\/uploads\/2025\/04\/pro-J6HwxnZA-1-1024x768.jpeg 1024w, https:\/\/lyceejeanracine.fr\/wdps\/wp-content\/uploads\/2025\/04\/pro-J6HwxnZA-1-300x225.jpeg 300w, https:\/\/lyceejeanracine.fr\/wdps\/wp-content\/uploads\/2025\/04\/pro-J6HwxnZA-1-768x576.jpeg 768w, https:\/\/lyceejeanracine.fr\/wdps\/wp-content\/uploads\/2025\/04\/pro-J6HwxnZA-1-1536x1152.jpeg 1536w, https:\/\/lyceejeanracine.fr\/wdps\/wp-content\/uploads\/2025\/04\/pro-J6HwxnZA-1-2048x1536.jpeg 2048w, https:\/\/lyceejeanracine.fr\/wdps\/wp-content\/uploads\/2025\/04\/pro-J6HwxnZA-1-750x563.jpeg 750w\" sizes=\"(max-width: 1024px) 100vw, 1024px\" \/><\/figure>\n\n\n\n<figure class=\"wp-block-image size-large\"><img loading=\"lazy\" decoding=\"async\" width=\"1024\" height=\"768\" data-id=\"8745\" src=\"https:\/\/lyceejeanracine.fr\/wdps\/wp-content\/uploads\/2025\/04\/pro-DtQvWJdW-1-1024x768.jpeg\" alt=\"\" class=\"wp-image-8745\" srcset=\"https:\/\/lyceejeanracine.fr\/wdps\/wp-content\/uploads\/2025\/04\/pro-DtQvWJdW-1-1024x768.jpeg 1024w, https:\/\/lyceejeanracine.fr\/wdps\/wp-content\/uploads\/2025\/04\/pro-DtQvWJdW-1-300x225.jpeg 300w, https:\/\/lyceejeanracine.fr\/wdps\/wp-content\/uploads\/2025\/04\/pro-DtQvWJdW-1-768x576.jpeg 768w, https:\/\/lyceejeanracine.fr\/wdps\/wp-content\/uploads\/2025\/04\/pro-DtQvWJdW-1-1536x1152.jpeg 1536w, https:\/\/lyceejeanracine.fr\/wdps\/wp-content\/uploads\/2025\/04\/pro-DtQvWJdW-1-2048x1537.jpeg 2048w, https:\/\/lyceejeanracine.fr\/wdps\/wp-content\/uploads\/2025\/04\/pro-DtQvWJdW-1-750x563.jpeg 750w\" sizes=\"(max-width: 1024px) 100vw, 1024px\" \/><\/figure>\n\n\n\n<figure class=\"wp-block-image size-large\"><img loading=\"lazy\" decoding=\"async\" width=\"1024\" height=\"768\" data-id=\"8744\" src=\"https:\/\/lyceejeanracine.fr\/wdps\/wp-content\/uploads\/2025\/04\/pro-dKkgpPCK-1-1024x768.jpeg\" alt=\"\" class=\"wp-image-8744\" srcset=\"https:\/\/lyceejeanracine.fr\/wdps\/wp-content\/uploads\/2025\/04\/pro-dKkgpPCK-1-1024x768.jpeg 1024w, https:\/\/lyceejeanracine.fr\/wdps\/wp-content\/uploads\/2025\/04\/pro-dKkgpPCK-1-300x225.jpeg 300w, https:\/\/lyceejeanracine.fr\/wdps\/wp-content\/uploads\/2025\/04\/pro-dKkgpPCK-1-768x576.jpeg 768w, https:\/\/lyceejeanracine.fr\/wdps\/wp-content\/uploads\/2025\/04\/pro-dKkgpPCK-1-1536x1152.jpeg 1536w, https:\/\/lyceejeanracine.fr\/wdps\/wp-content\/uploads\/2025\/04\/pro-dKkgpPCK-1-2048x1536.jpeg 2048w, https:\/\/lyceejeanracine.fr\/wdps\/wp-content\/uploads\/2025\/04\/pro-dKkgpPCK-1-750x563.jpeg 750w\" sizes=\"(max-width: 1024px) 100vw, 1024px\" \/><\/figure>\n\n\n\n<figure class=\"wp-block-image size-large\"><img loading=\"lazy\" decoding=\"async\" width=\"1024\" height=\"768\" data-id=\"8743\" src=\"https:\/\/lyceejeanracine.fr\/wdps\/wp-content\/uploads\/2025\/04\/pro-DAO0Ekao-1-1024x768.jpeg\" alt=\"\" class=\"wp-image-8743\" srcset=\"https:\/\/lyceejeanracine.fr\/wdps\/wp-content\/uploads\/2025\/04\/pro-DAO0Ekao-1-1024x768.jpeg 1024w, https:\/\/lyceejeanracine.fr\/wdps\/wp-content\/uploads\/2025\/04\/pro-DAO0Ekao-1-300x225.jpeg 300w, https:\/\/lyceejeanracine.fr\/wdps\/wp-content\/uploads\/2025\/04\/pro-DAO0Ekao-1-768x576.jpeg 768w, https:\/\/lyceejeanracine.fr\/wdps\/wp-content\/uploads\/2025\/04\/pro-DAO0Ekao-1-1536x1152.jpeg 1536w, https:\/\/lyceejeanracine.fr\/wdps\/wp-content\/uploads\/2025\/04\/pro-DAO0Ekao-1-2048x1536.jpeg 2048w, https:\/\/lyceejeanracine.fr\/wdps\/wp-content\/uploads\/2025\/04\/pro-DAO0Ekao-1-750x563.jpeg 750w\" sizes=\"(max-width: 1024px) 100vw, 1024px\" \/><\/figure>\n\n\n\n<figure class=\"wp-block-image size-large\"><img loading=\"lazy\" decoding=\"async\" width=\"1024\" height=\"768\" data-id=\"8742\" src=\"https:\/\/lyceejeanracine.fr\/wdps\/wp-content\/uploads\/2025\/04\/pro-cEero4f7-1-1024x768.jpeg\" alt=\"\" class=\"wp-image-8742\" srcset=\"https:\/\/lyceejeanracine.fr\/wdps\/wp-content\/uploads\/2025\/04\/pro-cEero4f7-1-1024x768.jpeg 1024w, https:\/\/lyceejeanracine.fr\/wdps\/wp-content\/uploads\/2025\/04\/pro-cEero4f7-1-300x225.jpeg 300w, https:\/\/lyceejeanracine.fr\/wdps\/wp-content\/uploads\/2025\/04\/pro-cEero4f7-1-768x576.jpeg 768w, https:\/\/lyceejeanracine.fr\/wdps\/wp-content\/uploads\/2025\/04\/pro-cEero4f7-1-1536x1152.jpeg 1536w, https:\/\/lyceejeanracine.fr\/wdps\/wp-content\/uploads\/2025\/04\/pro-cEero4f7-1-2048x1536.jpeg 2048w, https:\/\/lyceejeanracine.fr\/wdps\/wp-content\/uploads\/2025\/04\/pro-cEero4f7-1-750x563.jpeg 750w\" sizes=\"(max-width: 1024px) 100vw, 1024px\" \/><\/figure>\n\n\n\n<figure class=\"wp-block-image size-large\"><img loading=\"lazy\" decoding=\"async\" width=\"768\" height=\"1024\" data-id=\"8741\" src=\"https:\/\/lyceejeanracine.fr\/wdps\/wp-content\/uploads\/2025\/04\/pro-50VKm0JJ-1-768x1024.jpeg\" alt=\"\" class=\"wp-image-8741\" srcset=\"https:\/\/lyceejeanracine.fr\/wdps\/wp-content\/uploads\/2025\/04\/pro-50VKm0JJ-1-768x1024.jpeg 768w, https:\/\/lyceejeanracine.fr\/wdps\/wp-content\/uploads\/2025\/04\/pro-50VKm0JJ-1-225x300.jpeg 225w, https:\/\/lyceejeanracine.fr\/wdps\/wp-content\/uploads\/2025\/04\/pro-50VKm0JJ-1-1152x1536.jpeg 1152w, https:\/\/lyceejeanracine.fr\/wdps\/wp-content\/uploads\/2025\/04\/pro-50VKm0JJ-1-1536x2048.jpeg 1536w, https:\/\/lyceejeanracine.fr\/wdps\/wp-content\/uploads\/2025\/04\/pro-50VKm0JJ-1-750x1000.jpeg 750w, https:\/\/lyceejeanracine.fr\/wdps\/wp-content\/uploads\/2025\/04\/pro-50VKm0JJ-1-scaled.jpeg 1920w\" sizes=\"(max-width: 768px) 100vw, 768px\" \/><\/figure>\n\n\n\n<figure class=\"wp-block-image size-large\"><img loading=\"lazy\" decoding=\"async\" width=\"768\" height=\"1024\" data-id=\"8740\" src=\"https:\/\/lyceejeanracine.fr\/wdps\/wp-content\/uploads\/2025\/04\/pro-21xMQ7NN-1-768x1024.jpeg\" alt=\"\" class=\"wp-image-8740\" srcset=\"https:\/\/lyceejeanracine.fr\/wdps\/wp-content\/uploads\/2025\/04\/pro-21xMQ7NN-1-768x1024.jpeg 768w, https:\/\/lyceejeanracine.fr\/wdps\/wp-content\/uploads\/2025\/04\/pro-21xMQ7NN-1-225x300.jpeg 225w, https:\/\/lyceejeanracine.fr\/wdps\/wp-content\/uploads\/2025\/04\/pro-21xMQ7NN-1-1152x1536.jpeg 1152w, https:\/\/lyceejeanracine.fr\/wdps\/wp-content\/uploads\/2025\/04\/pro-21xMQ7NN-1-1536x2048.jpeg 1536w, https:\/\/lyceejeanracine.fr\/wdps\/wp-content\/uploads\/2025\/04\/pro-21xMQ7NN-1-750x1000.jpeg 750w, https:\/\/lyceejeanracine.fr\/wdps\/wp-content\/uploads\/2025\/04\/pro-21xMQ7NN-1-scaled.jpeg 1920w\" sizes=\"(max-width: 768px) 100vw, 768px\" \/><\/figure>\n\n\n\n<figure class=\"wp-block-image size-large\"><img loading=\"lazy\" decoding=\"async\" width=\"1024\" height=\"768\" data-id=\"8739\" src=\"https:\/\/lyceejeanracine.fr\/wdps\/wp-content\/uploads\/2025\/04\/pro-dKkgpPCK-1024x768.jpeg\" alt=\"\" class=\"wp-image-8739\" srcset=\"https:\/\/lyceejeanracine.fr\/wdps\/wp-content\/uploads\/2025\/04\/pro-dKkgpPCK-1024x768.jpeg 1024w, https:\/\/lyceejeanracine.fr\/wdps\/wp-content\/uploads\/2025\/04\/pro-dKkgpPCK-300x225.jpeg 300w, https:\/\/lyceejeanracine.fr\/wdps\/wp-content\/uploads\/2025\/04\/pro-dKkgpPCK-768x576.jpeg 768w, https:\/\/lyceejeanracine.fr\/wdps\/wp-content\/uploads\/2025\/04\/pro-dKkgpPCK-1536x1152.jpeg 1536w, https:\/\/lyceejeanracine.fr\/wdps\/wp-content\/uploads\/2025\/04\/pro-dKkgpPCK-2048x1536.jpeg 2048w, https:\/\/lyceejeanracine.fr\/wdps\/wp-content\/uploads\/2025\/04\/pro-dKkgpPCK-750x563.jpeg 750w\" sizes=\"(max-width: 1024px) 100vw, 1024px\" \/><\/figure>\n\n\n\n<figure class=\"wp-block-image size-large\"><img loading=\"lazy\" decoding=\"async\" width=\"768\" height=\"1024\" data-id=\"8738\" src=\"https:\/\/lyceejeanracine.fr\/wdps\/wp-content\/uploads\/2025\/04\/pro-l1l4Rpbu-768x1024.jpeg\" alt=\"\" class=\"wp-image-8738\" srcset=\"https:\/\/lyceejeanracine.fr\/wdps\/wp-content\/uploads\/2025\/04\/pro-l1l4Rpbu-768x1024.jpeg 768w, https:\/\/lyceejeanracine.fr\/wdps\/wp-content\/uploads\/2025\/04\/pro-l1l4Rpbu-225x300.jpeg 225w, https:\/\/lyceejeanracine.fr\/wdps\/wp-content\/uploads\/2025\/04\/pro-l1l4Rpbu-1152x1536.jpeg 1152w, https:\/\/lyceejeanracine.fr\/wdps\/wp-content\/uploads\/2025\/04\/pro-l1l4Rpbu-1536x2048.jpeg 1536w, https:\/\/lyceejeanracine.fr\/wdps\/wp-content\/uploads\/2025\/04\/pro-l1l4Rpbu-750x1000.jpeg 750w, https:\/\/lyceejeanracine.fr\/wdps\/wp-content\/uploads\/2025\/04\/pro-l1l4Rpbu-scaled.jpeg 1920w\" sizes=\"(max-width: 768px) 100vw, 768px\" \/><\/figure>\n\n\n\n<figure class=\"wp-block-image size-large\"><img loading=\"lazy\" decoding=\"async\" width=\"1024\" height=\"768\" data-id=\"8737\" src=\"https:\/\/lyceejeanracine.fr\/wdps\/wp-content\/uploads\/2025\/04\/pro-g70QLOOM-1024x768.jpeg\" alt=\"\" class=\"wp-image-8737\" srcset=\"https:\/\/lyceejeanracine.fr\/wdps\/wp-content\/uploads\/2025\/04\/pro-g70QLOOM-1024x768.jpeg 1024w, https:\/\/lyceejeanracine.fr\/wdps\/wp-content\/uploads\/2025\/04\/pro-g70QLOOM-300x225.jpeg 300w, https:\/\/lyceejeanracine.fr\/wdps\/wp-content\/uploads\/2025\/04\/pro-g70QLOOM-768x576.jpeg 768w, https:\/\/lyceejeanracine.fr\/wdps\/wp-content\/uploads\/2025\/04\/pro-g70QLOOM-1536x1152.jpeg 1536w, https:\/\/lyceejeanracine.fr\/wdps\/wp-content\/uploads\/2025\/04\/pro-g70QLOOM-2048x1536.jpeg 2048w, https:\/\/lyceejeanracine.fr\/wdps\/wp-content\/uploads\/2025\/04\/pro-g70QLOOM-750x563.jpeg 750w\" sizes=\"(max-width: 1024px) 100vw, 1024px\" \/><\/figure>\n\n\n\n<figure class=\"wp-block-image size-large\"><img loading=\"lazy\" decoding=\"async\" width=\"768\" height=\"1024\" data-id=\"8736\" src=\"https:\/\/lyceejeanracine.fr\/wdps\/wp-content\/uploads\/2025\/04\/pro-8iYGQbzs-768x1024.jpeg\" alt=\"\" class=\"wp-image-8736\" srcset=\"https:\/\/lyceejeanracine.fr\/wdps\/wp-content\/uploads\/2025\/04\/pro-8iYGQbzs-768x1024.jpeg 768w, https:\/\/lyceejeanracine.fr\/wdps\/wp-content\/uploads\/2025\/04\/pro-8iYGQbzs-225x300.jpeg 225w, https:\/\/lyceejeanracine.fr\/wdps\/wp-content\/uploads\/2025\/04\/pro-8iYGQbzs-1152x1536.jpeg 1152w, https:\/\/lyceejeanracine.fr\/wdps\/wp-content\/uploads\/2025\/04\/pro-8iYGQbzs-1536x2048.jpeg 1536w, https:\/\/lyceejeanracine.fr\/wdps\/wp-content\/uploads\/2025\/04\/pro-8iYGQbzs-750x1000.jpeg 750w, https:\/\/lyceejeanracine.fr\/wdps\/wp-content\/uploads\/2025\/04\/pro-8iYGQbzs-scaled.jpeg 1920w\" sizes=\"(max-width: 768px) 100vw, 768px\" \/><\/figure>\n\n\n\n<figure class=\"wp-block-image size-large\"><img loading=\"lazy\" decoding=\"async\" width=\"768\" height=\"1024\" data-id=\"8735\" src=\"https:\/\/lyceejeanracine.fr\/wdps\/wp-content\/uploads\/2025\/04\/pro-PcTskyfI-768x1024.jpeg\" alt=\"\" class=\"wp-image-8735\" srcset=\"https:\/\/lyceejeanracine.fr\/wdps\/wp-content\/uploads\/2025\/04\/pro-PcTskyfI-768x1024.jpeg 768w, https:\/\/lyceejeanracine.fr\/wdps\/wp-content\/uploads\/2025\/04\/pro-PcTskyfI-225x300.jpeg 225w, https:\/\/lyceejeanracine.fr\/wdps\/wp-content\/uploads\/2025\/04\/pro-PcTskyfI-1152x1536.jpeg 1152w, https:\/\/lyceejeanracine.fr\/wdps\/wp-content\/uploads\/2025\/04\/pro-PcTskyfI-1536x2048.jpeg 1536w, https:\/\/lyceejeanracine.fr\/wdps\/wp-content\/uploads\/2025\/04\/pro-PcTskyfI-750x1000.jpeg 750w, https:\/\/lyceejeanracine.fr\/wdps\/wp-content\/uploads\/2025\/04\/pro-PcTskyfI-scaled.jpeg 1920w\" sizes=\"(max-width: 768px) 100vw, 768px\" \/><\/figure>\n\n\n\n<figure class=\"wp-block-image size-large\"><img loading=\"lazy\" decoding=\"async\" width=\"1024\" height=\"768\" data-id=\"8734\" src=\"https:\/\/lyceejeanracine.fr\/wdps\/wp-content\/uploads\/2025\/04\/pro-J6HwxnZA-1024x768.jpeg\" alt=\"\" class=\"wp-image-8734\" srcset=\"https:\/\/lyceejeanracine.fr\/wdps\/wp-content\/uploads\/2025\/04\/pro-J6HwxnZA-1024x768.jpeg 1024w, https:\/\/lyceejeanracine.fr\/wdps\/wp-content\/uploads\/2025\/04\/pro-J6HwxnZA-300x225.jpeg 300w, https:\/\/lyceejeanracine.fr\/wdps\/wp-content\/uploads\/2025\/04\/pro-J6HwxnZA-768x576.jpeg 768w, https:\/\/lyceejeanracine.fr\/wdps\/wp-content\/uploads\/2025\/04\/pro-J6HwxnZA-1536x1152.jpeg 1536w, https:\/\/lyceejeanracine.fr\/wdps\/wp-content\/uploads\/2025\/04\/pro-J6HwxnZA-2048x1536.jpeg 2048w, https:\/\/lyceejeanracine.fr\/wdps\/wp-content\/uploads\/2025\/04\/pro-J6HwxnZA-750x563.jpeg 750w\" sizes=\"(max-width: 1024px) 100vw, 1024px\" \/><\/figure>\n\n\n\n<figure class=\"wp-block-image size-large\"><img loading=\"lazy\" decoding=\"async\" width=\"2560\" height=\"1920\" data-id=\"8733\" src=\"https:\/\/lyceejeanracine.fr\/wdps\/wp-content\/uploads\/2025\/04\/pro-cEero4f7-scaled.jpeg\" alt=\"\" class=\"wp-image-8733\" srcset=\"https:\/\/lyceejeanracine.fr\/wdps\/wp-content\/uploads\/2025\/04\/pro-cEero4f7-scaled.jpeg 2560w, https:\/\/lyceejeanracine.fr\/wdps\/wp-content\/uploads\/2025\/04\/pro-cEero4f7-300x225.jpeg 300w\" sizes=\"(max-width: 2560px) 100vw, 2560px\" \/><\/figure>\n\n\n\n<figure class=\"wp-block-image size-large\"><img loading=\"lazy\" decoding=\"async\" width=\"2560\" height=\"1921\" data-id=\"8732\" src=\"https:\/\/lyceejeanracine.fr\/wdps\/wp-content\/uploads\/2025\/04\/pro-sv4F2Bc7-scaled.jpeg\" alt=\"\" class=\"wp-image-8732\" srcset=\"https:\/\/lyceejeanracine.fr\/wdps\/wp-content\/uploads\/2025\/04\/pro-sv4F2Bc7-scaled.jpeg 2560w, https:\/\/lyceejeanracine.fr\/wdps\/wp-content\/uploads\/2025\/04\/pro-sv4F2Bc7-300x225.jpeg 300w\" sizes=\"(max-width: 2560px) 100vw, 2560px\" \/><\/figure>\n\n\n\n<figure class=\"wp-block-image size-large\"><img loading=\"lazy\" decoding=\"async\" width=\"768\" height=\"1024\" data-id=\"8731\" src=\"https:\/\/lyceejeanracine.fr\/wdps\/wp-content\/uploads\/2025\/04\/pro-TbUDngk5-768x1024.jpeg\" alt=\"\" class=\"wp-image-8731\" srcset=\"https:\/\/lyceejeanracine.fr\/wdps\/wp-content\/uploads\/2025\/04\/pro-TbUDngk5-768x1024.jpeg 768w, https:\/\/lyceejeanracine.fr\/wdps\/wp-content\/uploads\/2025\/04\/pro-TbUDngk5-225x300.jpeg 225w, https:\/\/lyceejeanracine.fr\/wdps\/wp-content\/uploads\/2025\/04\/pro-TbUDngk5-1152x1536.jpeg 1152w, https:\/\/lyceejeanracine.fr\/wdps\/wp-content\/uploads\/2025\/04\/pro-TbUDngk5-1536x2048.jpeg 1536w, https:\/\/lyceejeanracine.fr\/wdps\/wp-content\/uploads\/2025\/04\/pro-TbUDngk5-750x1000.jpeg 750w, https:\/\/lyceejeanracine.fr\/wdps\/wp-content\/uploads\/2025\/04\/pro-TbUDngk5-scaled.jpeg 1920w\" sizes=\"(max-width: 768px) 100vw, 768px\" \/><\/figure>\n\n\n\n<figure class=\"wp-block-image size-large\"><img loading=\"lazy\" decoding=\"async\" width=\"2560\" height=\"1921\" data-id=\"8730\" src=\"https:\/\/lyceejeanracine.fr\/wdps\/wp-content\/uploads\/2025\/04\/pro-DtQvWJdW-scaled.jpeg\" alt=\"\" class=\"wp-image-8730\" srcset=\"https:\/\/lyceejeanracine.fr\/wdps\/wp-content\/uploads\/2025\/04\/pro-DtQvWJdW-scaled.jpeg 2560w, https:\/\/lyceejeanracine.fr\/wdps\/wp-content\/uploads\/2025\/04\/pro-DtQvWJdW-300x225.jpeg 300w\" sizes=\"(max-width: 2560px) 100vw, 2560px\" \/><\/figure>\n\n\n\n<figure class=\"wp-block-image size-large\"><img loading=\"lazy\" decoding=\"async\" width=\"1920\" height=\"2560\" data-id=\"8729\" src=\"https:\/\/lyceejeanracine.fr\/wdps\/wp-content\/uploads\/2025\/04\/pro-vrsIAyAz-scaled.jpeg\" alt=\"\" class=\"wp-image-8729\" srcset=\"https:\/\/lyceejeanracine.fr\/wdps\/wp-content\/uploads\/2025\/04\/pro-vrsIAyAz-scaled.jpeg 1920w, https:\/\/lyceejeanracine.fr\/wdps\/wp-content\/uploads\/2025\/04\/pro-vrsIAyAz-225x300.jpeg 225w\" sizes=\"(max-width: 1920px) 100vw, 1920px\" \/><\/figure>\n<\/figure>\n","protected":false},"excerpt":{"rendered":"<p>Aujourd\u2019hui marque la fin du projet \u00ab Le Petit Prince \u00bb, une initiative men\u00e9e depuis plusieurs mois en co-intervention de fran\u00e7ais avec M. Sauti\u00e8re, professeur de lettres, Mme Loriette, coordinatrice ULIS et Mme D&rsquo;H\u00e9ret enseignante au lyc\u00e9e professionnel et professeur principal de la classe CAP AAGA premi\u00e8re ann\u00e9e. <\/p>\n<p>Apr\u00e8s avoir lu et analys\u00e9 le &hellip; <\/p>\n<p><a class=\"more-link btn\" href=\"https:\/\/lyceejeanracine.fr\/wdps\/index.php\/2025\/04\/29\/partage-intergenerationnel-autour-du-petit-prince-une-aventure-litteraire-a-lehpad-lucien-vivien\/\">Lire la suite<\/a><\/p>\n","protected":false},"author":1,"featured_media":8739,"comment_status":"open","ping_status":"open","sticky":false,"template":"","format":"standard","meta":{"ngg_post_thumbnail":0,"footnotes":""},"categories":[68,57,59,27],"tags":[],"post_mailing_queue_ids":[],"_links":{"self":[{"href":"https:\/\/lyceejeanracine.fr\/wdps\/index.php\/wp-json\/wp\/v2\/posts\/8723"}],"collection":[{"href":"https:\/\/lyceejeanracine.fr\/wdps\/index.php\/wp-json\/wp\/v2\/posts"}],"about":[{"href":"https:\/\/lyceejeanracine.fr\/wdps\/index.php\/wp-json\/wp\/v2\/types\/post"}],"author":[{"embeddable":true,"href":"https:\/\/lyceejeanracine.fr\/wdps\/index.php\/wp-json\/wp\/v2\/users\/1"}],"replies":[{"embeddable":true,"href":"https:\/\/lyceejeanracine.fr\/wdps\/index.php\/wp-json\/wp\/v2\/comments?post=8723"}],"version-history":[{"count":1,"href":"https:\/\/lyceejeanracine.fr\/wdps\/index.php\/wp-json\/wp\/v2\/posts\/8723\/revisions"}],"predecessor-version":[{"id":8755,"href":"https:\/\/lyceejeanracine.fr\/wdps\/index.php\/wp-json\/wp\/v2\/posts\/8723\/revisions\/8755"}],"wp:featuredmedia":[{"embeddable":true,"href":"https:\/\/lyceejeanracine.fr\/wdps\/index.php\/wp-json\/wp\/v2\/media\/8739"}],"wp:attachment":[{"href":"https:\/\/lyceejeanracine.fr\/wdps\/index.php\/wp-json\/wp\/v2\/media?parent=8723"}],"wp:term":[{"taxonomy":"category","embeddable":true,"href":"https:\/\/lyceejeanracine.fr\/wdps\/index.php\/wp-json\/wp\/v2\/categories?post=8723"},{"taxonomy":"post_tag","embeddable":true,"href":"https:\/\/lyceejeanracine.fr\/wdps\/index.php\/wp-json\/wp\/v2\/tags?post=8723"}],"curies":[{"name":"wp","href":"https:\/\/api.w.org\/{rel}","templated":true}]}}