{"id":8764,"date":"2025-05-08T19:45:44","date_gmt":"2025-05-08T17:45:44","guid":{"rendered":"https:\/\/lyceejeanracine.fr\/wdps\/?p=8764"},"modified":"2025-05-08T19:45:44","modified_gmt":"2025-05-08T17:45:44","slug":"rappel-depart-pour-lirlande","status":"publish","type":"post","link":"https:\/\/lyceejeanracine.fr\/wdps\/index.php\/2025\/05\/08\/rappel-depart-pour-lirlande\/","title":{"rendered":"Rappel : D\u00e9part pour l&rsquo;IRLANDE"},"content":{"rendered":"<div class=\"wp-block-image\">\n<figure class=\"alignleft size-medium\"><img loading=\"lazy\" decoding=\"async\" width=\"300\" height=\"200\" src=\"https:\/\/lyceejeanracine.fr\/wdps\/wp-content\/uploads\/2025\/04\/image_2025-04-28_070534133-300x200.png\" alt=\"\" class=\"wp-image-8697\" srcset=\"https:\/\/lyceejeanracine.fr\/wdps\/wp-content\/uploads\/2025\/04\/image_2025-04-28_070534133-300x200.png 300w, https:\/\/lyceejeanracine.fr\/wdps\/wp-content\/uploads\/2025\/04\/image_2025-04-28_070534133-1024x684.png 1024w, https:\/\/lyceejeanracine.fr\/wdps\/wp-content\/uploads\/2025\/04\/image_2025-04-28_070534133-768x513.png 768w, https:\/\/lyceejeanracine.fr\/wdps\/wp-content\/uploads\/2025\/04\/image_2025-04-28_070534133-1536x1025.png 1536w, https:\/\/lyceejeanracine.fr\/wdps\/wp-content\/uploads\/2025\/04\/image_2025-04-28_070534133-750x501.png 750w, https:\/\/lyceejeanracine.fr\/wdps\/wp-content\/uploads\/2025\/04\/image_2025-04-28_070534133.png 1600w\" sizes=\"(max-width: 300px) 100vw, 300px\" \/><\/figure><\/div>\n\n\n<p>Nous rappelons aux \u00e9l\u00e8ves qui participent au voyage p\u00e9dagogique en IRLANDE que le rdv est fix\u00e9 \u00e0 8H00 pour un d\u00e9part sans faute \u00e0 8H30 ! <\/p>\n","protected":false},"excerpt":{"rendered":"<p>Nous rappelons aux \u00e9l\u00e8ves qui participent au voyage p\u00e9dagogique en IRLANDE que le rdv est fix\u00e9 \u00e0 8H00 pour un d\u00e9part sans faute \u00e0 8H30 ! <\/p>\n","protected":false},"author":1,"featured_media":8697,"comment_status":"open","ping_status":"open","sticky":false,"template":"","format":"standard","meta":{"ngg_post_thumbnail":0,"footnotes":""},"categories":[7],"tags":[],"post_mailing_queue_ids":[],"_links":{"self":[{"href":"https:\/\/lyceejeanracine.fr\/wdps\/index.php\/wp-json\/wp\/v2\/posts\/8764"}],"collection":[{"href":"https:\/\/lyceejeanracine.fr\/wdps\/index.php\/wp-json\/wp\/v2\/posts"}],"about":[{"href":"https:\/\/lyceejeanracine.fr\/wdps\/index.php\/wp-json\/wp\/v2\/types\/post"}],"author":[{"embeddable":true,"href":"https:\/\/lyceejeanracine.fr\/wdps\/index.php\/wp-json\/wp\/v2\/users\/1"}],"replies":[{"embeddable":true,"href":"https:\/\/lyceejeanracine.fr\/wdps\/index.php\/wp-json\/wp\/v2\/comments?post=8764"}],"version-history":[{"count":1,"href":"https:\/\/lyceejeanracine.fr\/wdps\/index.php\/wp-json\/wp\/v2\/posts\/8764\/revisions"}],"predecessor-version":[{"id":8765,"href":"https:\/\/lyceejeanracine.fr\/wdps\/index.php\/wp-json\/wp\/v2\/posts\/8764\/revisions\/8765"}],"wp:featuredmedia":[{"embeddable":true,"href":"https:\/\/lyceejeanracine.fr\/wdps\/index.php\/wp-json\/wp\/v2\/media\/8697"}],"wp:attachment":[{"href":"https:\/\/lyceejeanracine.fr\/wdps\/index.php\/wp-json\/wp\/v2\/media?parent=8764"}],"wp:term":[{"taxonomy":"category","embeddable":true,"href":"https:\/\/lyceejeanracine.fr\/wdps\/index.php\/wp-json\/wp\/v2\/categories?post=8764"},{"taxonomy":"post_tag","embeddable":true,"href":"https:\/\/lyceejeanracine.fr\/wdps\/index.php\/wp-json\/wp\/v2\/tags?post=8764"}],"curies":[{"name":"wp","href":"https:\/\/api.w.org\/{rel}","templated":true}]}}