{"id":929,"date":"2018-02-08T16:42:47","date_gmt":"2018-02-08T15:42:47","guid":{"rendered":"http:\/\/lyceejeanracine.fr\/wdps\/?p=929"},"modified":"2018-02-09T14:12:25","modified_gmt":"2018-02-09T13:12:25","slug":"informations-transport-scolaire","status":"publish","type":"post","link":"https:\/\/lyceejeanracine.fr\/wdps\/index.php\/2018\/02\/08\/informations-transport-scolaire\/","title":{"rendered":"Vendredi 9 : Suspension des transports scolaires"},"content":{"rendered":"<h4><a href=\"https:\/\/lyceejeanracine.fr\/wdps\/wp-content\/uploads\/2018\/02\/0042L.jpg\"><img loading=\"lazy\" decoding=\"async\" class=\"alignleft size-thumbnail wp-image-931\" src=\"https:\/\/lyceejeanracine.fr\/wdps\/wp-content\/uploads\/2018\/02\/0042L-100x100.jpg\" alt=\"\" width=\"100\" height=\"100\" \/><\/a><span style=\"color: #ff0000;\">Aux Parents des \u00e9l\u00e8ves du LPO MONTDIDIER<\/span>.<\/h4>\n<h4>En raison des intemp\u00e9ries et sur d\u00e9cision du Conseil r\u00e9gional des Hauts-de-France :<\/h4>\n<p><!--more--><\/p>\n<h4>Les transports scolaires seront suspendus le <span style=\"color: #ff0000;\">Jeudi 8 f\u00e9vrier (Oise et Est de la Somme).<\/span> Cependant l&rsquo;\u00e9tablissement sera ouvert, les cours ne seront pas supprim\u00e9s. <span style=\"color: #ff0000;\">L&rsquo;exercice PPMS est report\u00e9 !<\/span><\/h4>\n<h4>Bertrand CUVELIER \u2013 Proviseur<\/h4>\n","protected":false},"excerpt":{"rendered":"<p><a href=\"https:\/\/lyceejeanracine.fr\/wdps\/wp-content\/uploads\/2018\/02\/0042L.jpg\"><\/a><span style=\"color: #ff0000;\">Aux Parents des \u00e9l\u00e8ves du LPO MONTDIDIER<\/span>. En raison des intemp\u00e9ries et sur d\u00e9cision du Conseil r\u00e9gional des Hauts-de-France :<\/p><p><a class=\"more-link btn\" href=\"https:\/\/lyceejeanracine.fr\/wdps\/index.php\/2018\/02\/08\/informations-transport-scolaire\/\">Lire la suite<\/a><\/p>\n","protected":false},"author":1,"featured_media":931,"comment_status":"open","ping_status":"open","sticky":false,"template":"","format":"standard","meta":{"ngg_post_thumbnail":0,"footnotes":""},"categories":[7],"tags":[],"post_mailing_queue_ids":[],"_links":{"self":[{"href":"https:\/\/lyceejeanracine.fr\/wdps\/index.php\/wp-json\/wp\/v2\/posts\/929"}],"collection":[{"href":"https:\/\/lyceejeanracine.fr\/wdps\/index.php\/wp-json\/wp\/v2\/posts"}],"about":[{"href":"https:\/\/lyceejeanracine.fr\/wdps\/index.php\/wp-json\/wp\/v2\/types\/post"}],"author":[{"embeddable":true,"href":"https:\/\/lyceejeanracine.fr\/wdps\/index.php\/wp-json\/wp\/v2\/users\/1"}],"replies":[{"embeddable":true,"href":"https:\/\/lyceejeanracine.fr\/wdps\/index.php\/wp-json\/wp\/v2\/comments?post=929"}],"version-history":[{"count":10,"href":"https:\/\/lyceejeanracine.fr\/wdps\/index.php\/wp-json\/wp\/v2\/posts\/929\/revisions"}],"predecessor-version":[{"id":8234,"href":"https:\/\/lyceejeanracine.fr\/wdps\/index.php\/wp-json\/wp\/v2\/posts\/929\/revisions\/8234"}],"wp:featuredmedia":[{"embeddable":true,"href":"https:\/\/lyceejeanracine.fr\/wdps\/index.php\/wp-json\/wp\/v2\/media\/931"}],"wp:attachment":[{"href":"https:\/\/lyceejeanracine.fr\/wdps\/index.php\/wp-json\/wp\/v2\/media?parent=929"}],"wp:term":[{"taxonomy":"category","embeddable":true,"href":"https:\/\/lyceejeanracine.fr\/wdps\/index.php\/wp-json\/wp\/v2\/categories?post=929"},{"taxonomy":"post_tag","embeddable":true,"href":"https:\/\/lyceejeanracine.fr\/wdps\/index.php\/wp-json\/wp\/v2\/tags?post=929"}],"curies":[{"name":"wp","href":"https:\/\/api.w.org\/{rel}","templated":true}]}}